{"id":9288,"date":"2017-07-19T17:23:57","date_gmt":"2017-07-19T15:23:57","guid":{"rendered":"http:\/\/noticias.audio-technica.es\/?p=1557"},"modified":"2023-07-30T14:07:19","modified_gmt":"2023-07-30T12:07:19","slug":"audio-technica-y-allen-heath-de-gira-con-bryan-ferry","status":"publish","type":"post","link":"https:\/\/distribution.audio-technica.eu\/es-es\/noticias\/audio-technica-y-allen-heath-de-gira-con-bryan-ferry\/","title":{"rendered":"Audio-Technica y Allen &amp; Heath con Bryan Ferry en su gira por Europa y USA"},"content":{"rendered":"<h2>Durante su extensa gira, en la que ha encabezado carteles en actuaciones y festivales en toda Europa y Estados Unidos, Bryan Ferry ha confiado en los micr\u00f3fonos din\u00e1micos hipercardioides <a href=\"https:\/\/eu.audio-technica.com\/microphones\/handheld\/AE6100?lang=es\">AE6100<\/a> de Audio-Technica para sonorizar su distintiva voz. Tambi\u00e9n se han utilizado otros modelos de Audio-Technica para sonorizar su banda, compuesta de diez m\u00fasicos, mientras que la gesti\u00f3n de los monitores se ha realizado con un sistema de mezcla <a href=\"http:\/\/www.allen-heath.com\/dlive-s-class\/\">dLive S Class<\/a> de Allen &amp; Heath.<\/h2>\n<figure id=\"attachment_1553\" aria-describedby=\"caption-attachment-1553\" style=\"width: 1667px\" class=\"wp-caption aligncenter\"><a href=\"http:\/\/noticias.audio-technica.es\/wp-content\/uploads\/Bryan_Ferry_AE6100_1.jpg\"><img loading=\"lazy\" decoding=\"async\" class=\"size-full wp-image-1553\" src=\"http:\/\/noticias.audio-technica.es\/wp-content\/uploads\/Bryan_Ferry_AE6100_1.jpg\" alt=\"Audio-Technica y Allen &amp; Heath con Bryan Ferry en su gira por Europa y USA\" width=\"1667\" height=\"2500\" \/><\/a><figcaption id=\"caption-attachment-1553\" class=\"wp-caption-text\">Bryan Ferry utiliza el micr\u00f3fono din\u00e1mico hipercardioide AE6100 de Audio-Technica, durante su gira.<\/figcaption><\/figure>\n<p>Tom Howat, ingeniero de monitores, ha explicado que \u201c<em>El <a href=\"https:\/\/eu.audio-technica.com\/microphones\/handheld\/AE6100?lang=es\">AE6100<\/a> impresion\u00f3 a Bryan tan pronto como empez\u00f3 a utilizarlo durante los ensayos. Le gust\u00f3 mucho su sonido; es casi como uno de condensador, en cuanto a la amplitud de su sonido. Pero gracias a su patr\u00f3n de captaci\u00f3n hipercardioide, se minimiza la realimentaci\u00f3n ac\u00fastica. Estamos utilizando dos unidades <a href=\"https:\/\/eu.audio-technica.com\/microphones\/handheld\/AE6100?lang=es\">AE6100<\/a>, una para la voz principal y otro en la posici\u00f3n de su teclado, y ha resultado ser una excelente elecci\u00f3n.<\/em>\u201d<\/p>\n<p>\u201c<em>Tambi\u00e9n estamos utilizando el nuevo micr\u00f3fono cardioide de condensador <a href=\"https:\/\/eu.audio-technica.com\/microphones\/microphones-by-series\/artist-series\/ATM350?lang=es\">ATM350a<\/a> de Audio-Technica para los toms y los saxofones; tenemos saxos soprano, alto, tenor y bar\u00edtono, y suenan muy llenos pero muy naturales en todo momento. Nos gustan mucho estos micros, y el soporte para bater\u00eda en particular es fant\u00e1stico<\/em>\u201d.<\/p>\n<figure id=\"attachment_1556\" aria-describedby=\"caption-attachment-1556\" style=\"width: 3545px\" class=\"wp-caption aligncenter\"><a href=\"http:\/\/noticias.audio-technica.es\/wp-content\/uploads\/Tom_Howat_dLive_2-1.jpg\"><img loading=\"lazy\" decoding=\"async\" class=\"size-full wp-image-1556\" src=\"http:\/\/noticias.audio-technica.es\/wp-content\/uploads\/Tom_Howat_dLive_2-1.jpg\" alt=\"Audio-Technica y Allen &amp; Heath con Bryan Ferry en su gira por Europa y USA\" width=\"3545\" height=\"2362\" \/><\/a><figcaption id=\"caption-attachment-1556\" class=\"wp-caption-text\">El ingeniero de monitores Tom Howat con la superficie S5000 dLive S Class de Allen &amp; Heath en directo.<\/figcaption><\/figure>\n<p>Suministrado por Britannia Row Productions en Europa y Clair Bros en US, el sistema dLive utilizado por Howat est\u00e1 formado por una superficie <a href=\"http:\/\/www.allen-heath.com\/ahproducts\/s5000\/\">S5000<\/a> con un MixRack <a href=\"http:\/\/www.allen-heath.com\/ahproducts\/dm64\/\">DM64<\/a>, un rack de expansi\u00f3n <a href=\"http:\/\/www.allen-heath.com\/ahproducts\/dx32\/\">DX32<\/a> y dos controladores <a href=\"http:\/\/www.allen-heath.com\/ahproducts\/ip8\/\">IP8<\/a> para acceso remoto. Howat ha utilizado anteriormente el sistema dLive en otras giras, como por ejemplo las realizadas por Paolo Nutini y Morrisey.<\/p>\n<p>\u201c<em>Una vez m\u00e1s, el sistema dLive ha proporcionado claridad y precisi\u00f3n<\/em>\u201d, afirma. \u201c<em>La mezcla intra aural para una banda formada por diez m\u00fasicos muy conocidos y experimentados requiere una consola de mezclas que proporcione un sonido pleno y muy detallado. La compresi\u00f3n y FX incorporados a dLive ofrecen una enorme contribuci\u00f3n para conseguir esto, junto a la posibilidad de disponer de gran cantidad de escenas; \u00a1m\u00e1s de cincuenta y sigue aumentando!\u201d<\/em><\/p>\n<p>Las recientes actualizaciones de firmware \u2013v1.4 y m\u00e1s recientemente v1.5- han proporcionado nuevas prestaciones que han ahorrado mucho tiempo a Howat, permiti\u00e9ndole centrarse m\u00e1s en la mezcla de Bryan durante las actuaciones. Utiliza las nuevas unidades Dyn8, las nuevas unidades FX, y el modelado de previos a v\u00e1lvulas en los cuatro saxofones y una amplia gama de compresores: 16T en la mayor\u00eda de instrumentos y Peak Limiter 76 en todas las voces.<\/p>\n<figure id=\"attachment_1554\" aria-describedby=\"caption-attachment-1554\" style=\"width: 2500px\" class=\"wp-caption aligncenter\"><a href=\"http:\/\/noticias.audio-technica.es\/wp-content\/uploads\/Tom_Howat_dLive_1.jpg\"><img loading=\"lazy\" decoding=\"async\" class=\"size-full wp-image-1554\" src=\"http:\/\/noticias.audio-technica.es\/wp-content\/uploads\/Tom_Howat_dLive_1.jpg\" alt=\"Audio-Technica y Allen &amp; Heath con Bryan Ferry en su gira por Europa y USA\" width=\"2500\" height=\"1667\" \/><\/a><figcaption id=\"caption-attachment-1554\" class=\"wp-caption-text\">El ingeniero de monitores Tom Howat con la superficie S5000 dLive S Class de Allen &amp; Heath en la prueba de sonido.<\/figcaption><\/figure>\n<p>\u201c<em>Me encantan estas nuevas prestaciones, particularmente el Dimension Chorus en las guitarras ac\u00fasticas. El nivel reforzado en la recuperaci\u00f3n de filtro que ofrece la v1.5 es un enorme paso hacia adelante en cuanto a flexibilidad en la automatizaci\u00f3n de escenas<\/em>,\u201d contin\u00faa explicando Howat. \u201c<em>La mezcla de monitores de Bryan requiere de una constante mezcla activa en cada una de las canciones, con un gran nivel de detalle. Bryan tiene un o\u00eddo sorprendente para los arreglos musicales de las canciones y dLive realmente me ayuda mucho para conseguirlo<\/em>.\u201d<\/p>\n<p>\u201c<em>Una vez m\u00e1s he utilizado los excelentes controladores IP8; he conectado uno con la consola de monitores, lo que me ha permitido realizar cambios calibrados en las mezclas de los otros m\u00fasicos, mientras manten\u00eda la mezcla de Bryan en la superficie principal. El segundo IP8 se ha utilizado como respaldo para el sistema FOH, mostrando la mayor\u00eda de los canales de entrada mapeados sobre seis bancos de faders, contribuyendo a una mezcla est\u00e9reo pre fader<\/em>,\u201d concluye Howat.<\/p>\n<p>&nbsp;<\/p>\n<p><a href=\"https:\/\/eu.audio-technica.com\/microphones?lang=es\">M\u00e1s informaci\u00f3n sobre los micr\u00f3fonos de Audio-Technica <\/a><\/p>\n<p><a href=\"http:\/\/www.allen-heath.com\/\">M\u00e1s informaci\u00f3n sobre los mesas de mezclas de Allen &amp; Heath<\/a><\/p>\n","protected":false},"excerpt":{"rendered":"<p>Durante su extensa gira, en la que ha encabezado carteles en actuaciones y festivales en toda Europa y Estados Unidos, Bryan Ferry ha confiado en los micr\u00f3fonos din\u00e1micos hipercardioides AE6100 de Audio-Technica para sonorizar su distintiva voz. Tambi\u00e9n se han utilizado otros modelos de Audio-Technica para sonorizar su banda, compuesta de diez m\u00fasicos, mientras que [&hellip;]<\/p>\n","protected":false},"author":1,"featured_media":6795,"comment_status":"closed","ping_status":"closed","sticky":false,"template":"","format":"standard","meta":{"_acf_changed":false,"footnotes":""},"categories":[2458,2461],"tags":[1592,1593,1800,1587],"class_list":["post-9288","post","type-post","status-publish","format-standard","has-post-thumbnail","hentry","category-eventos","category-noticias","tag-ae6100","tag-artist-elite","tag-bryan-ferry","tag-dlive"],"acf":[],"yoast_head":"<!-- This site is optimized with the Yoast SEO plugin v27.1.1 - https:\/\/yoast.com\/product\/yoast-seo-wordpress\/ -->\n<title>Audio-Technica y Allen &amp; Heath con Bryan Ferry en su gira por Europa y USA - Audio-Technica Iberia<\/title>\n<meta name=\"robots\" content=\"index, follow, max-snippet:-1, max-image-preview:large, max-video-preview:-1\" \/>\n<link rel=\"canonical\" href=\"https:\/\/distribution.audio-technica.eu\/es-es\/noticias\/audio-technica-y-allen-heath-de-gira-con-bryan-ferry\/\" \/>\n<meta property=\"og:locale\" content=\"es_ES\" \/>\n<meta property=\"og:type\" content=\"article\" \/>\n<meta property=\"og:title\" content=\"Audio-Technica y Allen &amp; Heath con Bryan Ferry en su gira por Europa y USA - Audio-Technica Iberia\" \/>\n<meta property=\"og:description\" content=\"Durante su extensa gira, en la que ha encabezado carteles en actuaciones y festivales en toda Europa y Estados Unidos, Bryan Ferry ha confiado en los micr\u00f3fonos din\u00e1micos hipercardioides AE6100 de Audio-Technica para sonorizar su distintiva voz. Tambi\u00e9n se han utilizado otros modelos de Audio-Technica para sonorizar su banda, compuesta de diez m\u00fasicos, mientras que [&hellip;]\" \/>\n<meta property=\"og:url\" content=\"https:\/\/distribution.audio-technica.eu\/es-es\/noticias\/audio-technica-y-allen-heath-de-gira-con-bryan-ferry\/\" \/>\n<meta property=\"og:site_name\" content=\"Audio-Technica Iberia\" \/>\n<meta property=\"article:published_time\" content=\"2017-07-19T15:23:57+00:00\" \/>\n<meta property=\"article:modified_time\" content=\"2023-07-30T12:07:19+00:00\" \/>\n<meta name=\"author\" content=\"Audio-Technica\" \/>\n<meta name=\"twitter:card\" content=\"summary_large_image\" \/>\n<meta name=\"twitter:image\" content=\"https:\/\/distribution.audio-technica.eu\/app\/uploads\/sites\/2\/Bryan_Ferry_AE6100_2.jpg\" \/>\n<meta name=\"twitter:label1\" content=\"Escrito por\" \/>\n\t<meta name=\"twitter:data1\" content=\"Audio-Technica\" \/>\n\t<meta name=\"twitter:label2\" content=\"Tiempo de lectura\" \/>\n\t<meta name=\"twitter:data2\" content=\"4 minutos\" \/>\n<script type=\"application\/ld+json\" class=\"yoast-schema-graph\">{\"@context\":\"https:\/\/schema.org\",\"@graph\":[{\"@type\":\"Article\",\"@id\":\"https:\/\/distribution.audio-technica.eu\/es-es\/noticias\/audio-technica-y-allen-heath-de-gira-con-bryan-ferry\/#article\",\"isPartOf\":{\"@id\":\"https:\/\/distribution.audio-technica.eu\/es-es\/noticias\/audio-technica-y-allen-heath-de-gira-con-bryan-ferry\/\"},\"author\":{\"name\":\"Audio-Technica\",\"@id\":\"https:\/\/distribution.audio-technica.eu\/es-es\/#\/schema\/person\/e8e715e047e33cc425e816f59cbd9b80\"},\"headline\":\"Audio-Technica y Allen &amp; Heath con Bryan Ferry en su gira por Europa y USA\",\"datePublished\":\"2017-07-19T15:23:57+00:00\",\"dateModified\":\"2023-07-30T12:07:19+00:00\",\"mainEntityOfPage\":{\"@id\":\"https:\/\/distribution.audio-technica.eu\/es-es\/noticias\/audio-technica-y-allen-heath-de-gira-con-bryan-ferry\/\"},\"wordCount\":725,\"image\":{\"@id\":\"https:\/\/distribution.audio-technica.eu\/es-es\/noticias\/audio-technica-y-allen-heath-de-gira-con-bryan-ferry\/#primaryimage\"},\"thumbnailUrl\":\"\/app\/uploads\/sites\/2\/Bryan_Ferry_AE6100_2.jpg\",\"keywords\":[\"AE6100\",\"Artist Elite\",\"bryan ferry\",\"dLive\"],\"articleSection\":[\"Eventos\",\"Noticias\"],\"inLanguage\":\"es\"},{\"@type\":\"WebPage\",\"@id\":\"https:\/\/distribution.audio-technica.eu\/es-es\/noticias\/audio-technica-y-allen-heath-de-gira-con-bryan-ferry\/\",\"url\":\"https:\/\/distribution.audio-technica.eu\/es-es\/noticias\/audio-technica-y-allen-heath-de-gira-con-bryan-ferry\/\",\"name\":\"Audio-Technica y Allen &amp; Heath con Bryan Ferry en su gira por Europa y USA - Audio-Technica Iberia\",\"isPartOf\":{\"@id\":\"https:\/\/distribution.audio-technica.eu\/es-es\/#website\"},\"primaryImageOfPage\":{\"@id\":\"https:\/\/distribution.audio-technica.eu\/es-es\/noticias\/audio-technica-y-allen-heath-de-gira-con-bryan-ferry\/#primaryimage\"},\"image\":{\"@id\":\"https:\/\/distribution.audio-technica.eu\/es-es\/noticias\/audio-technica-y-allen-heath-de-gira-con-bryan-ferry\/#primaryimage\"},\"thumbnailUrl\":\"\/app\/uploads\/sites\/2\/Bryan_Ferry_AE6100_2.jpg\",\"datePublished\":\"2017-07-19T15:23:57+00:00\",\"dateModified\":\"2023-07-30T12:07:19+00:00\",\"author\":{\"@id\":\"https:\/\/distribution.audio-technica.eu\/es-es\/#\/schema\/person\/e8e715e047e33cc425e816f59cbd9b80\"},\"breadcrumb\":{\"@id\":\"https:\/\/distribution.audio-technica.eu\/es-es\/noticias\/audio-technica-y-allen-heath-de-gira-con-bryan-ferry\/#breadcrumb\"},\"inLanguage\":\"es\",\"potentialAction\":[{\"@type\":\"ReadAction\",\"target\":[\"https:\/\/distribution.audio-technica.eu\/es-es\/noticias\/audio-technica-y-allen-heath-de-gira-con-bryan-ferry\/\"]}]},{\"@type\":\"ImageObject\",\"inLanguage\":\"es\",\"@id\":\"https:\/\/distribution.audio-technica.eu\/es-es\/noticias\/audio-technica-y-allen-heath-de-gira-con-bryan-ferry\/#primaryimage\",\"url\":\"\/app\/uploads\/sites\/2\/Bryan_Ferry_AE6100_2.jpg\",\"contentUrl\":\"\/app\/uploads\/sites\/2\/Bryan_Ferry_AE6100_2.jpg\",\"width\":940,\"height\":463,\"caption\":\"Audio-Technica y Allen & Heath con Bryan Ferry en su gira por Europa y USA\"},{\"@type\":\"BreadcrumbList\",\"@id\":\"https:\/\/distribution.audio-technica.eu\/es-es\/noticias\/audio-technica-y-allen-heath-de-gira-con-bryan-ferry\/#breadcrumb\",\"itemListElement\":[{\"@type\":\"ListItem\",\"position\":1,\"name\":\"Products\",\"item\":\"https:\/\/distribution.audio-technica.eu\/es-es\/\"},{\"@type\":\"ListItem\",\"position\":2,\"name\":\"Audio-Technica y Allen &amp; Heath con Bryan Ferry en su gira por Europa y USA\"}]},{\"@type\":\"WebSite\",\"@id\":\"https:\/\/distribution.audio-technica.eu\/es-es\/#website\",\"url\":\"https:\/\/distribution.audio-technica.eu\/es-es\/\",\"name\":\"Audio-Technica Iberia\",\"description\":\"Distribuci\u00f3n\",\"potentialAction\":[{\"@type\":\"SearchAction\",\"target\":{\"@type\":\"EntryPoint\",\"urlTemplate\":\"https:\/\/distribution.audio-technica.eu\/es-es\/?s={search_term_string}\"},\"query-input\":{\"@type\":\"PropertyValueSpecification\",\"valueRequired\":true,\"valueName\":\"search_term_string\"}}],\"inLanguage\":\"es\"},{\"@type\":\"Person\",\"@id\":\"https:\/\/distribution.audio-technica.eu\/es-es\/#\/schema\/person\/e8e715e047e33cc425e816f59cbd9b80\",\"name\":\"Audio-Technica\"}]}<\/script>\n<!-- \/ Yoast SEO plugin. -->","yoast_head_json":{"title":"Audio-Technica y Allen &amp; Heath con Bryan Ferry en su gira por Europa y USA - Audio-Technica Iberia","robots":{"index":"index","follow":"follow","max-snippet":"max-snippet:-1","max-image-preview":"max-image-preview:large","max-video-preview":"max-video-preview:-1"},"canonical":"https:\/\/distribution.audio-technica.eu\/es-es\/noticias\/audio-technica-y-allen-heath-de-gira-con-bryan-ferry\/","og_locale":"es_ES","og_type":"article","og_title":"Audio-Technica y Allen &amp; Heath con Bryan Ferry en su gira por Europa y USA - Audio-Technica Iberia","og_description":"Durante su extensa gira, en la que ha encabezado carteles en actuaciones y festivales en toda Europa y Estados Unidos, Bryan Ferry ha confiado en los micr\u00f3fonos din\u00e1micos hipercardioides AE6100 de Audio-Technica para sonorizar su distintiva voz. Tambi\u00e9n se han utilizado otros modelos de Audio-Technica para sonorizar su banda, compuesta de diez m\u00fasicos, mientras que [&hellip;]","og_url":"https:\/\/distribution.audio-technica.eu\/es-es\/noticias\/audio-technica-y-allen-heath-de-gira-con-bryan-ferry\/","og_site_name":"Audio-Technica Iberia","article_published_time":"2017-07-19T15:23:57+00:00","article_modified_time":"2023-07-30T12:07:19+00:00","author":"Audio-Technica","twitter_card":"summary_large_image","twitter_image":"https:\/\/distribution.audio-technica.eu\/app\/uploads\/sites\/2\/Bryan_Ferry_AE6100_2.jpg","twitter_misc":{"Escrito por":"Audio-Technica","Tiempo de lectura":"4 minutos"},"schema":{"@context":"https:\/\/schema.org","@graph":[{"@type":"Article","@id":"https:\/\/distribution.audio-technica.eu\/es-es\/noticias\/audio-technica-y-allen-heath-de-gira-con-bryan-ferry\/#article","isPartOf":{"@id":"https:\/\/distribution.audio-technica.eu\/es-es\/noticias\/audio-technica-y-allen-heath-de-gira-con-bryan-ferry\/"},"author":{"name":"Audio-Technica","@id":"https:\/\/distribution.audio-technica.eu\/es-es\/#\/schema\/person\/e8e715e047e33cc425e816f59cbd9b80"},"headline":"Audio-Technica y Allen &amp; Heath con Bryan Ferry en su gira por Europa y USA","datePublished":"2017-07-19T15:23:57+00:00","dateModified":"2023-07-30T12:07:19+00:00","mainEntityOfPage":{"@id":"https:\/\/distribution.audio-technica.eu\/es-es\/noticias\/audio-technica-y-allen-heath-de-gira-con-bryan-ferry\/"},"wordCount":725,"image":{"@id":"https:\/\/distribution.audio-technica.eu\/es-es\/noticias\/audio-technica-y-allen-heath-de-gira-con-bryan-ferry\/#primaryimage"},"thumbnailUrl":"\/app\/uploads\/sites\/2\/Bryan_Ferry_AE6100_2.jpg","keywords":["AE6100","Artist Elite","bryan ferry","dLive"],"articleSection":["Eventos","Noticias"],"inLanguage":"es"},{"@type":"WebPage","@id":"https:\/\/distribution.audio-technica.eu\/es-es\/noticias\/audio-technica-y-allen-heath-de-gira-con-bryan-ferry\/","url":"https:\/\/distribution.audio-technica.eu\/es-es\/noticias\/audio-technica-y-allen-heath-de-gira-con-bryan-ferry\/","name":"Audio-Technica y Allen &amp; Heath con Bryan Ferry en su gira por Europa y USA - Audio-Technica Iberia","isPartOf":{"@id":"https:\/\/distribution.audio-technica.eu\/es-es\/#website"},"primaryImageOfPage":{"@id":"https:\/\/distribution.audio-technica.eu\/es-es\/noticias\/audio-technica-y-allen-heath-de-gira-con-bryan-ferry\/#primaryimage"},"image":{"@id":"https:\/\/distribution.audio-technica.eu\/es-es\/noticias\/audio-technica-y-allen-heath-de-gira-con-bryan-ferry\/#primaryimage"},"thumbnailUrl":"\/app\/uploads\/sites\/2\/Bryan_Ferry_AE6100_2.jpg","datePublished":"2017-07-19T15:23:57+00:00","dateModified":"2023-07-30T12:07:19+00:00","author":{"@id":"https:\/\/distribution.audio-technica.eu\/es-es\/#\/schema\/person\/e8e715e047e33cc425e816f59cbd9b80"},"breadcrumb":{"@id":"https:\/\/distribution.audio-technica.eu\/es-es\/noticias\/audio-technica-y-allen-heath-de-gira-con-bryan-ferry\/#breadcrumb"},"inLanguage":"es","potentialAction":[{"@type":"ReadAction","target":["https:\/\/distribution.audio-technica.eu\/es-es\/noticias\/audio-technica-y-allen-heath-de-gira-con-bryan-ferry\/"]}]},{"@type":"ImageObject","inLanguage":"es","@id":"https:\/\/distribution.audio-technica.eu\/es-es\/noticias\/audio-technica-y-allen-heath-de-gira-con-bryan-ferry\/#primaryimage","url":"\/app\/uploads\/sites\/2\/Bryan_Ferry_AE6100_2.jpg","contentUrl":"\/app\/uploads\/sites\/2\/Bryan_Ferry_AE6100_2.jpg","width":940,"height":463,"caption":"Audio-Technica y Allen & Heath con Bryan Ferry en su gira por Europa y USA"},{"@type":"BreadcrumbList","@id":"https:\/\/distribution.audio-technica.eu\/es-es\/noticias\/audio-technica-y-allen-heath-de-gira-con-bryan-ferry\/#breadcrumb","itemListElement":[{"@type":"ListItem","position":1,"name":"Products","item":"https:\/\/distribution.audio-technica.eu\/es-es\/"},{"@type":"ListItem","position":2,"name":"Audio-Technica y Allen &amp; Heath con Bryan Ferry en su gira por Europa y USA"}]},{"@type":"WebSite","@id":"https:\/\/distribution.audio-technica.eu\/es-es\/#website","url":"https:\/\/distribution.audio-technica.eu\/es-es\/","name":"Audio-Technica Iberia","description":"Distribuci\u00f3n","potentialAction":[{"@type":"SearchAction","target":{"@type":"EntryPoint","urlTemplate":"https:\/\/distribution.audio-technica.eu\/es-es\/?s={search_term_string}"},"query-input":{"@type":"PropertyValueSpecification","valueRequired":true,"valueName":"search_term_string"}}],"inLanguage":"es"},{"@type":"Person","@id":"https:\/\/distribution.audio-technica.eu\/es-es\/#\/schema\/person\/e8e715e047e33cc425e816f59cbd9b80","name":"Audio-Technica"}]}},"_links":{"self":[{"href":"https:\/\/distribution.audio-technica.eu\/es-es\/wp-json\/wp\/v2\/posts\/9288","targetHints":{"allow":["GET"]}}],"collection":[{"href":"https:\/\/distribution.audio-technica.eu\/es-es\/wp-json\/wp\/v2\/posts"}],"about":[{"href":"https:\/\/distribution.audio-technica.eu\/es-es\/wp-json\/wp\/v2\/types\/post"}],"author":[{"embeddable":true,"href":"https:\/\/distribution.audio-technica.eu\/es-es\/wp-json\/wp\/v2\/users\/1"}],"replies":[{"embeddable":true,"href":"https:\/\/distribution.audio-technica.eu\/es-es\/wp-json\/wp\/v2\/comments?post=9288"}],"version-history":[{"count":1,"href":"https:\/\/distribution.audio-technica.eu\/es-es\/wp-json\/wp\/v2\/posts\/9288\/revisions"}],"predecessor-version":[{"id":26952,"href":"https:\/\/distribution.audio-technica.eu\/es-es\/wp-json\/wp\/v2\/posts\/9288\/revisions\/26952"}],"wp:featuredmedia":[{"embeddable":true,"href":"https:\/\/distribution.audio-technica.eu\/es-es\/wp-json\/wp\/v2\/media\/6795"}],"wp:attachment":[{"href":"https:\/\/distribution.audio-technica.eu\/es-es\/wp-json\/wp\/v2\/media?parent=9288"}],"wp:term":[{"taxonomy":"category","embeddable":true,"href":"https:\/\/distribution.audio-technica.eu\/es-es\/wp-json\/wp\/v2\/categories?post=9288"},{"taxonomy":"post_tag","embeddable":true,"href":"https:\/\/distribution.audio-technica.eu\/es-es\/wp-json\/wp\/v2\/tags?post=9288"}],"curies":[{"name":"wp","href":"https:\/\/api.w.org\/{rel}","templated":true}]}}