{"id":9293,"date":"2017-08-30T09:00:32","date_gmt":"2017-08-30T07:00:32","guid":{"rendered":"http:\/\/noticias.audio-technica.es\/?p=1592"},"modified":"2023-10-17T18:36:18","modified_gmt":"2023-10-17T16:36:18","slug":"audio-technica-presenta-los-auriculares-ath-adx5000","status":"publish","type":"post","link":"https:\/\/distribution.audio-technica.eu\/es-es\/noticias\/audio-technica-presenta-los-auriculares-ath-adx5000\/","title":{"rendered":"IFA 2017: Audio-Technica presenta los auriculares de referencia para audi\u00f3filos ATH-ADX5000"},"content":{"rendered":"<p><a href=\"http:\/\/noticias.audio-technica.es\/wp-content\/uploads\/NdP-ATH-ADX5000.jpg\"><img loading=\"lazy\" decoding=\"async\" class=\"aligncenter wp-image-1586\" src=\"http:\/\/noticias.audio-technica.es\/wp-content\/uploads\/NdP-ATH-ADX5000.jpg\" alt=\"Audio-Technica presenta los auriculares de referencia para audi\u00f3filos ATH-ADX5000\" width=\"486\" height=\"402\" \/><\/a><\/p>\n<p><strong><em>IFA Show, Berl\u00edn, Alemania, 30 de <\/em><\/strong><strong>agosto de<em> 2017<\/em><\/strong>, Combinando la artesan\u00eda japonesa y la m\u00e1s avanzada ingenier\u00eda de audio, los nuevos auriculares abiertos <a href=\"https:\/\/eu.audio-technica.com\/headphones\/over-ear\/ATH-ADX5000?lang=es\">ATH-ADX5000<\/a> de Audio-Technica representan una nueva referencia para el audio dom\u00e9stico. Este emblem\u00e1tico modelo incluido en la exitosa serie AD (Air Dynamic), ofrece unos auriculares de tipo over-ear que permiten que los audi\u00f3filos puedan experimentar la reproducci\u00f3n en toda su plenitud de su m\u00fasica favorita, tal como la imagin\u00f3 el artista.<\/p>\n<p>Dise\u00f1ados y construidos meticulosamente, los auriculares <a href=\"https:\/\/eu.audio-technica.com\/headphones\/over-ear\/ATH-ADX5000?lang=es\">ATH-ADX5000<\/a> incorporan lo nueva tecnolog\u00eda Core Mount, transductores integrados ampliados de 58 mm y diafragmas recubiertos de tungsteno, todo ello alojado en un atractivo dise\u00f1o perforado de tipo nido de abeja. Cada carcasa del auricular es cuidadosamente ensamblada a mano en Tokio, Jap\u00f3n, y todas las unidades son identificadas individualmente por medio de un n\u00famero de serie grabado con l\u00e1ser.<\/p>\n<p><a href=\"http:\/\/noticias.audio-technica.es\/wp-content\/uploads\/NdP-ATH-ADX5000_03.jpg\"><img loading=\"lazy\" decoding=\"async\" class=\"aligncenter wp-image-1587\" src=\"http:\/\/noticias.audio-technica.es\/wp-content\/uploads\/NdP-ATH-ADX5000_03.jpg\" alt=\"\" width=\"358\" height=\"296\" \/><\/a><\/p>\n<p>La nueva tecnolog\u00eda Core Mount ha sido desarrollada para optimizar el posicionamiento del transductor dentro de la carcasa. Este inteligente dise\u00f1o mejora la eficiencia del flujo de aire y refuerza la transparencia de los medios y los agudos, produciendo al mismo tiempo unos graves ricos y precisos.<\/p>\n<p>En el coraz\u00f3n del <a href=\"https:\/\/eu.audio-technica.com\/headphones\/over-ear\/ATH-ADX5000?lang=es\">ATH-ADX5000<\/a> se encuentra un transductor de dise\u00f1o \u00fanico. La bobina del diafragma, el bafle y el im\u00e1n se encuentran alojados en la misma unidad, de forma que se minimizan las vibraciones no deseadas que pueden colorear el sonido. Este dise\u00f1o tambi\u00e9n ha permitido eliminar las pinzas roscadas, lo cual reduce su peso, al tiempo que el bafle ha sido construido con sulfuro de polipenileno de alta rigidez y fibra de vidrio para permitir un movimiento estable del diafragma y un sonido m\u00e1s preciso.<\/p>\n<p>Seleccionado por su rigidez, el gran transductor de 58 mm incorpora un circuito magn\u00e9tico Permendur y diafragma recubierto de tungsteno. Este nuevo diafragma tratado mejora la respuesta y velocidad para conseguir un sonido m\u00e1s preciso, mientras que su ligera construcci\u00f3n ayuda a evitar la p\u00e9rdida interna de potencia.<\/p>\n<p><a href=\"http:\/\/noticias.audio-technica.es\/wp-content\/uploads\/NdP-ATH-ADX5000_05.jpg\"><img loading=\"lazy\" decoding=\"async\" class=\"aligncenter wp-image-1595\" src=\"http:\/\/noticias.audio-technica.es\/wp-content\/uploads\/NdP-ATH-ADX5000_05.jpg\" alt=\"Audio-Technica presenta los auriculares de referencia para audi\u00f3filos ATH-ADX5000\" width=\"374\" height=\"343\" srcset=\"https:\/\/distribution.audio-technica.eu\/app\/uploads\/sites\/2\/NdP-ATH-ADX5000_05.jpg 1089w, https:\/\/distribution.audio-technica.eu\/app\/uploads\/sites\/2\/NdP-ATH-ADX5000_05-300x275.jpg 300w, https:\/\/distribution.audio-technica.eu\/app\/uploads\/sites\/2\/NdP-ATH-ADX5000_05-768x705.jpg 768w, https:\/\/distribution.audio-technica.eu\/app\/uploads\/sites\/2\/NdP-ATH-ADX5000_05-1024x940.jpg 1024w, https:\/\/distribution.audio-technica.eu\/app\/uploads\/sites\/2\/NdP-ATH-ADX5000_05-200x184.jpg 200w, https:\/\/distribution.audio-technica.eu\/app\/uploads\/sites\/2\/NdP-ATH-ADX5000_05-400x367.jpg 400w, https:\/\/distribution.audio-technica.eu\/app\/uploads\/sites\/2\/NdP-ATH-ADX5000_05-600x551.jpg 600w, https:\/\/distribution.audio-technica.eu\/app\/uploads\/sites\/2\/NdP-ATH-ADX5000_05-800x735.jpg 800w\" sizes=\"auto, (max-width: 374px) 100vw, 374px\" \/><\/a><\/p>\n<p>La estructura de la carcasa perforada de tipo nido de abeja no ha sido escogida solamente por motivos est\u00e9ticos, sino porque se trata de un dise\u00f1o muy eficiente que, combinado con sus laterales cerrados para reducir la ventilaci\u00f3n lateral, contribuye a eliminar cualquier p\u00e9rdida en la presi\u00f3n del aire, de forma que se mantenga una fidelidad balanceada. Para reforzar a\u00fan m\u00e1s el sonido, se ha incluido un cable de cobre libre de ox\u00edgeno 6N-OFC de alta calidad con un conector de 6.3 mm de acero inoxidable mecanizado, que reduce las resonancias indeseables para conseguir un sonido m\u00e1s aut\u00e9ntico.<\/p>\n<p><img loading=\"lazy\" decoding=\"async\" class=\"aligncenter wp-image-1588\" src=\"http:\/\/noticias.audio-technica.es\/wp-content\/uploads\/NdP-ATH-ADX5000_04.jpg\" alt=\"Audio-Technica presenta los auriculares de referencia para audi\u00f3filos ATH-ADX5000\" width=\"364\" height=\"246\" \/><\/p>\n<p>Cuando se trata de auriculares hi-fi dom\u00e9sticos, la comodidad durante las largas sesiones de audici\u00f3n es siempre una prioridad, por lo que las almohadillas y diadema del <a href=\"https:\/\/eu.audio-technica.com\/headphones\/over-ear\/ATH-ADX5000?lang=es\">ATH-ADX5000<\/a> han sido forrados con Alcantara. Ampliamente utilizado en las industrias de la automoci\u00f3n y la moda, este material ofrece una gran durabilidad y alta calidad, con una textura suave para proporcionar mayor comodidad. En cualquier caso, la estructura ligera pero r\u00edgida de magnesio tambi\u00e9n contribuye a una fijaci\u00f3n segura, pero c\u00f3moda.<\/p>\n<p><a href=\"http:\/\/noticias.audio-technica.es\/wp-content\/uploads\/NdP-ATH-ADX5000-case.jpg\"><img loading=\"lazy\" decoding=\"async\" class=\"aligncenter wp-image-1590\" src=\"http:\/\/noticias.audio-technica.es\/wp-content\/uploads\/NdP-ATH-ADX5000-case.jpg\" alt=\"Audio-Technica presenta los auriculares de referencia para audi\u00f3filos ATH-ADX5000\" width=\"496\" height=\"410\" \/><\/a><\/p>\n<p>Para mantener estos auriculares de referencia en perfectas condiciones tanto en casa como durante los desplazamientos, se suministra tambi\u00e9n una lujosa caja de transporte.<\/p>\n<p>Los auriculares <a href=\"https:\/\/eu.audio-technica.com\/headphones\/over-ear\/ATH-ADX5000?lang=es\">ATH-ADX5000<\/a> de Audio-Technica estar\u00e1n disponibles en noviembre de 2017, con un precio de 2.190 \u20ac (IVA incluido).<\/p>\n<p>&nbsp;<\/p>\n<p><strong><u>Especificaciones t\u00e9cnicas<\/u><\/strong><\/p>\n<ul>\n<li>Tipo: Open-air din\u00e1micos<\/li>\n<li>Tama\u00f1o transductor: 58mm<\/li>\n<li>Sensibilidad: 100 dB\/mW<\/li>\n<li>Respuesta en frecuencia: 5 \u201350,000 Hz<\/li>\n<li>Potencia m\u00e1xima de entrada: 1,000 mW<\/li>\n<li>Impedancia: 420 ohms<\/li>\n<li>Peso: 270g (sin cable)<\/li>\n<li>Conectores: A2DC<\/li>\n<li>Jack: 6.3mm(1\/4\u201d) est\u00e9reo, chapado en oro<\/li>\n<li>Accesorios: Cable desmontable (3.0m), jacks est\u00e9reo 6.3mm chapado en oro, caja dura de transporte<\/li>\n<\/ul>\n<p>&nbsp;<\/p>\n<p><a href=\"https:\/\/eu.audio-technica.com\/headphones?lang=es\">\u00a0M\u00e1s informaci\u00f3n sobre los auriculares de Audio-Technica<\/a><\/p>\n<p>&nbsp;<\/p>\n<p><strong><em>Sobre Audio-Technica<\/em><\/strong><\/p>\n<p>Audio-Technica es una marca japonesa de fama mundial, creada en 1962.<br \/>\nAudio-Technica fabrica una amplia gama de productos de audio, que incluyen giradiscos, micr\u00f3fonos profesionales y auriculares para todo tipo de audiencia, desde el audi\u00f3filo dom\u00e9stico al viajero inquieto. Audio-Technica es la marca de auriculares m\u00e1s vendida en Jap\u00f3n. Los principios sonoros fundamentales derivan de muchos a\u00f1os de experiencia fabricando equipos de audio profesional para todo tipo de usuarios, desde Justin Timberlake a Elton John. M\u00e1s informaci\u00f3n en <a href=\"http:\/\/www.eu.audio-technica.com\">www.eu.audio-technica.com<\/a><\/p>\n","protected":false},"excerpt":{"rendered":"<p>IFA Show, Berl\u00edn, Alemania, 30 de agosto de 2017, Combinando la artesan\u00eda japonesa y la m\u00e1s avanzada ingenier\u00eda de audio, los nuevos auriculares abiertos ATH-ADX5000 de Audio-Technica representan una nueva referencia para el audio dom\u00e9stico. Este emblem\u00e1tico modelo incluido en la exitosa serie AD (Air Dynamic), ofrece unos auriculares de tipo over-ear que permiten que [&hellip;]<\/p>\n","protected":false},"author":1,"featured_media":6810,"comment_status":"closed","ping_status":"closed","sticky":false,"template":"","format":"standard","meta":{"_acf_changed":false,"footnotes":""},"categories":[2456],"tags":[1808,1708,1804],"class_list":["post-9293","post","type-post","status-publish","format-standard","has-post-thumbnail","hentry","category-novedades","tag-audiofilo","tag-auriculares","tag-ifa"],"acf":[],"yoast_head":"<!-- This site is optimized with the Yoast SEO plugin v27.1.1 - https:\/\/yoast.com\/product\/yoast-seo-wordpress\/ -->\n<title>IFA 2017: Audio-Technica presenta los auriculares de referencia para audi\u00f3filos ATH-ADX5000 - Audio-Technica Iberia<\/title>\n<meta name=\"robots\" content=\"index, follow, max-snippet:-1, max-image-preview:large, max-video-preview:-1\" \/>\n<link rel=\"canonical\" href=\"https:\/\/distribution.audio-technica.eu\/es-es\/noticias\/audio-technica-presenta-los-auriculares-ath-adx5000\/\" \/>\n<meta property=\"og:locale\" content=\"es_ES\" \/>\n<meta property=\"og:type\" content=\"article\" \/>\n<meta property=\"og:title\" content=\"IFA 2017: Audio-Technica presenta los auriculares de referencia para audi\u00f3filos ATH-ADX5000\" \/>\n<meta property=\"og:description\" content=\"IFA Show, Berl\u00edn, Alemania, 30 de agosto de 2017, Combinando la artesan\u00eda japonesa y la m\u00e1s avanzada ingenier\u00eda de audio, los nuevos auriculares abiertos ATH-ADX5000 de Audio-Technica representan una nueva referencia para el audio dom\u00e9stico. Este emblem\u00e1tico modelo incluido en la exitosa serie AD (Air Dynamic), ofrece unos auriculares de tipo over-ear que permiten que [&hellip;]\" \/>\n<meta property=\"og:url\" content=\"https:\/\/distribution.audio-technica.eu\/es-es\/noticias\/audio-technica-presenta-los-auriculares-ath-adx5000\/\" \/>\n<meta property=\"og:site_name\" content=\"Audio-Technica Iberia\" \/>\n<meta property=\"article:published_time\" content=\"2017-08-30T07:00:32+00:00\" \/>\n<meta property=\"article:modified_time\" content=\"2023-10-17T16:36:18+00:00\" \/>\n<meta property=\"og:image\" content=\"https:\/\/distribution.audio-technica.eu\/app\/uploads\/sites\/2\/NdP-ATH-ADX5000-banner.jpg\" \/>\n\t<meta property=\"og:image:width\" content=\"640\" \/>\n\t<meta property=\"og:image:height\" content=\"360\" \/>\n\t<meta property=\"og:image:type\" content=\"image\/jpeg\" \/>\n<meta name=\"author\" content=\"Audio-Technica\" \/>\n<meta name=\"twitter:card\" content=\"summary_large_image\" \/>\n<meta name=\"twitter:label1\" content=\"Escrito por\" \/>\n\t<meta name=\"twitter:data1\" content=\"Audio-Technica\" \/>\n\t<meta name=\"twitter:label2\" content=\"Tiempo de lectura\" \/>\n\t<meta name=\"twitter:data2\" content=\"4 minutos\" \/>\n<script type=\"application\/ld+json\" class=\"yoast-schema-graph\">{\"@context\":\"https:\/\/schema.org\",\"@graph\":[{\"@type\":\"Article\",\"@id\":\"https:\/\/distribution.audio-technica.eu\/es-es\/noticias\/audio-technica-presenta-los-auriculares-ath-adx5000\/#article\",\"isPartOf\":{\"@id\":\"https:\/\/distribution.audio-technica.eu\/es-es\/noticias\/audio-technica-presenta-los-auriculares-ath-adx5000\/\"},\"author\":{\"name\":\"Audio-Technica\",\"@id\":\"https:\/\/distribution.audio-technica.eu\/es-es\/#\/schema\/person\/e8e715e047e33cc425e816f59cbd9b80\"},\"headline\":\"IFA 2017: Audio-Technica presenta los auriculares de referencia para audi\u00f3filos ATH-ADX5000\",\"datePublished\":\"2017-08-30T07:00:32+00:00\",\"dateModified\":\"2023-10-17T16:36:18+00:00\",\"mainEntityOfPage\":{\"@id\":\"https:\/\/distribution.audio-technica.eu\/es-es\/noticias\/audio-technica-presenta-los-auriculares-ath-adx5000\/\"},\"wordCount\":750,\"image\":{\"@id\":\"https:\/\/distribution.audio-technica.eu\/es-es\/noticias\/audio-technica-presenta-los-auriculares-ath-adx5000\/#primaryimage\"},\"thumbnailUrl\":\"\/app\/uploads\/sites\/2\/NdP-ATH-ADX5000-banner.jpg\",\"keywords\":[\"audiofilo\",\"auriculares\",\"IFA\"],\"articleSection\":[\"Novedades\"],\"inLanguage\":\"es\"},{\"@type\":\"WebPage\",\"@id\":\"https:\/\/distribution.audio-technica.eu\/es-es\/noticias\/audio-technica-presenta-los-auriculares-ath-adx5000\/\",\"url\":\"https:\/\/distribution.audio-technica.eu\/es-es\/noticias\/audio-technica-presenta-los-auriculares-ath-adx5000\/\",\"name\":\"IFA 2017: Audio-Technica presenta los auriculares de referencia para audi\u00f3filos ATH-ADX5000 - Audio-Technica Iberia\",\"isPartOf\":{\"@id\":\"https:\/\/distribution.audio-technica.eu\/es-es\/#website\"},\"primaryImageOfPage\":{\"@id\":\"https:\/\/distribution.audio-technica.eu\/es-es\/noticias\/audio-technica-presenta-los-auriculares-ath-adx5000\/#primaryimage\"},\"image\":{\"@id\":\"https:\/\/distribution.audio-technica.eu\/es-es\/noticias\/audio-technica-presenta-los-auriculares-ath-adx5000\/#primaryimage\"},\"thumbnailUrl\":\"\/app\/uploads\/sites\/2\/NdP-ATH-ADX5000-banner.jpg\",\"datePublished\":\"2017-08-30T07:00:32+00:00\",\"dateModified\":\"2023-10-17T16:36:18+00:00\",\"author\":{\"@id\":\"https:\/\/distribution.audio-technica.eu\/es-es\/#\/schema\/person\/e8e715e047e33cc425e816f59cbd9b80\"},\"breadcrumb\":{\"@id\":\"https:\/\/distribution.audio-technica.eu\/es-es\/noticias\/audio-technica-presenta-los-auriculares-ath-adx5000\/#breadcrumb\"},\"inLanguage\":\"es\",\"potentialAction\":[{\"@type\":\"ReadAction\",\"target\":[\"https:\/\/distribution.audio-technica.eu\/es-es\/noticias\/audio-technica-presenta-los-auriculares-ath-adx5000\/\"]}]},{\"@type\":\"ImageObject\",\"inLanguage\":\"es\",\"@id\":\"https:\/\/distribution.audio-technica.eu\/es-es\/noticias\/audio-technica-presenta-los-auriculares-ath-adx5000\/#primaryimage\",\"url\":\"\/app\/uploads\/sites\/2\/NdP-ATH-ADX5000-banner.jpg\",\"contentUrl\":\"\/app\/uploads\/sites\/2\/NdP-ATH-ADX5000-banner.jpg\",\"width\":640,\"height\":360,\"caption\":\"Audio-Technica presenta los auriculares de referencia para audi\u00f3filos ATH-ADX5000\"},{\"@type\":\"BreadcrumbList\",\"@id\":\"https:\/\/distribution.audio-technica.eu\/es-es\/noticias\/audio-technica-presenta-los-auriculares-ath-adx5000\/#breadcrumb\",\"itemListElement\":[{\"@type\":\"ListItem\",\"position\":1,\"name\":\"Products\",\"item\":\"https:\/\/distribution.audio-technica.eu\/es-es\/\"},{\"@type\":\"ListItem\",\"position\":2,\"name\":\"IFA 2017: Audio-Technica presenta los auriculares de referencia para audi\u00f3filos ATH-ADX5000\"}]},{\"@type\":\"WebSite\",\"@id\":\"https:\/\/distribution.audio-technica.eu\/es-es\/#website\",\"url\":\"https:\/\/distribution.audio-technica.eu\/es-es\/\",\"name\":\"Audio-Technica Iberia\",\"description\":\"Distribuci\u00f3n\",\"potentialAction\":[{\"@type\":\"SearchAction\",\"target\":{\"@type\":\"EntryPoint\",\"urlTemplate\":\"https:\/\/distribution.audio-technica.eu\/es-es\/?s={search_term_string}\"},\"query-input\":{\"@type\":\"PropertyValueSpecification\",\"valueRequired\":true,\"valueName\":\"search_term_string\"}}],\"inLanguage\":\"es\"},{\"@type\":\"Person\",\"@id\":\"https:\/\/distribution.audio-technica.eu\/es-es\/#\/schema\/person\/e8e715e047e33cc425e816f59cbd9b80\",\"name\":\"Audio-Technica\"}]}<\/script>\n<!-- \/ Yoast SEO plugin. -->","yoast_head_json":{"title":"IFA 2017: Audio-Technica presenta los auriculares de referencia para audi\u00f3filos ATH-ADX5000 - Audio-Technica Iberia","robots":{"index":"index","follow":"follow","max-snippet":"max-snippet:-1","max-image-preview":"max-image-preview:large","max-video-preview":"max-video-preview:-1"},"canonical":"https:\/\/distribution.audio-technica.eu\/es-es\/noticias\/audio-technica-presenta-los-auriculares-ath-adx5000\/","og_locale":"es_ES","og_type":"article","og_title":"IFA 2017: Audio-Technica presenta los auriculares de referencia para audi\u00f3filos ATH-ADX5000","og_description":"IFA Show, Berl\u00edn, Alemania, 30 de agosto de 2017, Combinando la artesan\u00eda japonesa y la m\u00e1s avanzada ingenier\u00eda de audio, los nuevos auriculares abiertos ATH-ADX5000 de Audio-Technica representan una nueva referencia para el audio dom\u00e9stico. Este emblem\u00e1tico modelo incluido en la exitosa serie AD (Air Dynamic), ofrece unos auriculares de tipo over-ear que permiten que [&hellip;]","og_url":"https:\/\/distribution.audio-technica.eu\/es-es\/noticias\/audio-technica-presenta-los-auriculares-ath-adx5000\/","og_site_name":"Audio-Technica Iberia","article_published_time":"2017-08-30T07:00:32+00:00","article_modified_time":"2023-10-17T16:36:18+00:00","og_image":[{"width":640,"height":360,"url":"https:\/\/distribution.audio-technica.eu\/app\/uploads\/sites\/2\/NdP-ATH-ADX5000-banner.jpg","type":"image\/jpeg"}],"author":"Audio-Technica","twitter_card":"summary_large_image","twitter_misc":{"Escrito por":"Audio-Technica","Tiempo de lectura":"4 minutos"},"schema":{"@context":"https:\/\/schema.org","@graph":[{"@type":"Article","@id":"https:\/\/distribution.audio-technica.eu\/es-es\/noticias\/audio-technica-presenta-los-auriculares-ath-adx5000\/#article","isPartOf":{"@id":"https:\/\/distribution.audio-technica.eu\/es-es\/noticias\/audio-technica-presenta-los-auriculares-ath-adx5000\/"},"author":{"name":"Audio-Technica","@id":"https:\/\/distribution.audio-technica.eu\/es-es\/#\/schema\/person\/e8e715e047e33cc425e816f59cbd9b80"},"headline":"IFA 2017: Audio-Technica presenta los auriculares de referencia para audi\u00f3filos ATH-ADX5000","datePublished":"2017-08-30T07:00:32+00:00","dateModified":"2023-10-17T16:36:18+00:00","mainEntityOfPage":{"@id":"https:\/\/distribution.audio-technica.eu\/es-es\/noticias\/audio-technica-presenta-los-auriculares-ath-adx5000\/"},"wordCount":750,"image":{"@id":"https:\/\/distribution.audio-technica.eu\/es-es\/noticias\/audio-technica-presenta-los-auriculares-ath-adx5000\/#primaryimage"},"thumbnailUrl":"\/app\/uploads\/sites\/2\/NdP-ATH-ADX5000-banner.jpg","keywords":["audiofilo","auriculares","IFA"],"articleSection":["Novedades"],"inLanguage":"es"},{"@type":"WebPage","@id":"https:\/\/distribution.audio-technica.eu\/es-es\/noticias\/audio-technica-presenta-los-auriculares-ath-adx5000\/","url":"https:\/\/distribution.audio-technica.eu\/es-es\/noticias\/audio-technica-presenta-los-auriculares-ath-adx5000\/","name":"IFA 2017: Audio-Technica presenta los auriculares de referencia para audi\u00f3filos ATH-ADX5000 - Audio-Technica Iberia","isPartOf":{"@id":"https:\/\/distribution.audio-technica.eu\/es-es\/#website"},"primaryImageOfPage":{"@id":"https:\/\/distribution.audio-technica.eu\/es-es\/noticias\/audio-technica-presenta-los-auriculares-ath-adx5000\/#primaryimage"},"image":{"@id":"https:\/\/distribution.audio-technica.eu\/es-es\/noticias\/audio-technica-presenta-los-auriculares-ath-adx5000\/#primaryimage"},"thumbnailUrl":"\/app\/uploads\/sites\/2\/NdP-ATH-ADX5000-banner.jpg","datePublished":"2017-08-30T07:00:32+00:00","dateModified":"2023-10-17T16:36:18+00:00","author":{"@id":"https:\/\/distribution.audio-technica.eu\/es-es\/#\/schema\/person\/e8e715e047e33cc425e816f59cbd9b80"},"breadcrumb":{"@id":"https:\/\/distribution.audio-technica.eu\/es-es\/noticias\/audio-technica-presenta-los-auriculares-ath-adx5000\/#breadcrumb"},"inLanguage":"es","potentialAction":[{"@type":"ReadAction","target":["https:\/\/distribution.audio-technica.eu\/es-es\/noticias\/audio-technica-presenta-los-auriculares-ath-adx5000\/"]}]},{"@type":"ImageObject","inLanguage":"es","@id":"https:\/\/distribution.audio-technica.eu\/es-es\/noticias\/audio-technica-presenta-los-auriculares-ath-adx5000\/#primaryimage","url":"\/app\/uploads\/sites\/2\/NdP-ATH-ADX5000-banner.jpg","contentUrl":"\/app\/uploads\/sites\/2\/NdP-ATH-ADX5000-banner.jpg","width":640,"height":360,"caption":"Audio-Technica presenta los auriculares de referencia para audi\u00f3filos ATH-ADX5000"},{"@type":"BreadcrumbList","@id":"https:\/\/distribution.audio-technica.eu\/es-es\/noticias\/audio-technica-presenta-los-auriculares-ath-adx5000\/#breadcrumb","itemListElement":[{"@type":"ListItem","position":1,"name":"Products","item":"https:\/\/distribution.audio-technica.eu\/es-es\/"},{"@type":"ListItem","position":2,"name":"IFA 2017: Audio-Technica presenta los auriculares de referencia para audi\u00f3filos ATH-ADX5000"}]},{"@type":"WebSite","@id":"https:\/\/distribution.audio-technica.eu\/es-es\/#website","url":"https:\/\/distribution.audio-technica.eu\/es-es\/","name":"Audio-Technica Iberia","description":"Distribuci\u00f3n","potentialAction":[{"@type":"SearchAction","target":{"@type":"EntryPoint","urlTemplate":"https:\/\/distribution.audio-technica.eu\/es-es\/?s={search_term_string}"},"query-input":{"@type":"PropertyValueSpecification","valueRequired":true,"valueName":"search_term_string"}}],"inLanguage":"es"},{"@type":"Person","@id":"https:\/\/distribution.audio-technica.eu\/es-es\/#\/schema\/person\/e8e715e047e33cc425e816f59cbd9b80","name":"Audio-Technica"}]}},"_links":{"self":[{"href":"https:\/\/distribution.audio-technica.eu\/es-es\/wp-json\/wp\/v2\/posts\/9293","targetHints":{"allow":["GET"]}}],"collection":[{"href":"https:\/\/distribution.audio-technica.eu\/es-es\/wp-json\/wp\/v2\/posts"}],"about":[{"href":"https:\/\/distribution.audio-technica.eu\/es-es\/wp-json\/wp\/v2\/types\/post"}],"author":[{"embeddable":true,"href":"https:\/\/distribution.audio-technica.eu\/es-es\/wp-json\/wp\/v2\/users\/1"}],"replies":[{"embeddable":true,"href":"https:\/\/distribution.audio-technica.eu\/es-es\/wp-json\/wp\/v2\/comments?post=9293"}],"version-history":[{"count":1,"href":"https:\/\/distribution.audio-technica.eu\/es-es\/wp-json\/wp\/v2\/posts\/9293\/revisions"}],"predecessor-version":[{"id":30258,"href":"https:\/\/distribution.audio-technica.eu\/es-es\/wp-json\/wp\/v2\/posts\/9293\/revisions\/30258"}],"wp:featuredmedia":[{"embeddable":true,"href":"https:\/\/distribution.audio-technica.eu\/es-es\/wp-json\/wp\/v2\/media\/6810"}],"wp:attachment":[{"href":"https:\/\/distribution.audio-technica.eu\/es-es\/wp-json\/wp\/v2\/media?parent=9293"}],"wp:term":[{"taxonomy":"category","embeddable":true,"href":"https:\/\/distribution.audio-technica.eu\/es-es\/wp-json\/wp\/v2\/categories?post=9293"},{"taxonomy":"post_tag","embeddable":true,"href":"https:\/\/distribution.audio-technica.eu\/es-es\/wp-json\/wp\/v2\/tags?post=9293"}],"curies":[{"name":"wp","href":"https:\/\/api.w.org\/{rel}","templated":true}]}}