{"id":9298,"date":"2017-10-10T10:00:12","date_gmt":"2017-10-10T08:00:12","guid":{"rendered":"http:\/\/noticias.audio-technica.es\/?p=1787"},"modified":"2023-10-17T18:35:15","modified_gmt":"2023-10-17T16:35:15","slug":"oferta-reintegro-sistemas-conferencia-audio-technica","status":"publish","type":"post","link":"https:\/\/distribution.audio-technica.eu\/es-es\/noticias\/oferta-reintegro-sistemas-conferencia-audio-technica\/","title":{"rendered":"Oferta de reintegro de Audio-Technica para sistemas de conferencia"},"content":{"rendered":"<h2>Hasta 9.000 \u20ac de reintegro al cambiar su antiguo sistema de conferencias por uno de Audio-Technica<\/h2>\n<p><a href=\"http:\/\/noticias.audio-technica.es\/wp-content\/uploads\/NdP-AT-ATUC50-Award.jpg\"><img loading=\"lazy\" decoding=\"async\" class=\"aligncenter size-full wp-image-1408\" src=\"http:\/\/noticias.audio-technica.es\/wp-content\/uploads\/NdP-AT-ATUC50-Award.jpg\" alt=\"El sistema de debate ATUC-50 recibe el premio al producto m\u00e1s innovador de su categor\u00eda en el InfoComm 2017\" width=\"1800\" height=\"1206\" \/><\/a><\/p>\n<p>Audio-Technica ha anunciado una oferta de \u2018Reintegro de Sistemas de Conferencia\u2019 para clientes que deseen actualizar su actual sistema de conferencias con nuestro premiado sistema digital de debates <a href=\"https:\/\/eu.audio-technica.com\/conferencing#atuc-50?lang=es\">ATUC-50<\/a>. Dentro del esquema para Europa, estar\u00e1n disponibles reembolsos de hasta 9.000 \u20ac, dependiendo de la magnitud de la actualizaci\u00f3n y de la cantidad de productos sustituidos en el sistema ya existente.<\/p>\n<p>La promoci\u00f3n \u2018Reintegro de Sistemas de Conferencia\u2019 es accesible de forma muy simple para el usuario, y es una \u00fatil herramienta para los integradores de sistemas y revendedores. Esta promoci\u00f3n estar\u00e1 vigente hasta el 31 de octubre de 2017.<\/p>\n<p>El ATUC-50 ha sido dise\u00f1ado para ser muy f\u00e1cil de utilizar, funcionar en modo plug-and-play y ofrecer un sonido de calidad ejemplar. Y tras su rentabilidad, se esconde la enorme potencia y flexibilidad del sistema, con funcionamiento multimodo, supresor de realimentaci\u00f3n ac\u00fastica de 12 bandas, grabador de cuatro canales integrado y tres canales de traducci\u00f3n, todo ello incluido en las especificaciones de ATUC-50.<\/p>\n<p><a href=\"http:\/\/noticias.audio-technica.es\/wp-content\/uploads\/NdP-AT-ATUC50-group.jpg\"><img loading=\"lazy\" decoding=\"async\" class=\"aligncenter wp-image-1396\" src=\"http:\/\/noticias.audio-technica.es\/wp-content\/uploads\/NdP-AT-ATUC50-group.jpg\" alt=\"El sistema de debate ATUC-50 recibe el premio al producto m\u00e1s innovador de su categor\u00eda en el InfoComm 2017\" width=\"529\" height=\"529\" \/><\/a><\/p>\n<p>Utilizando cables est\u00e1ndar Cat5 (y superiores), es posible conectar y controlar desde cualquier navegador web hasta 150 unidades de debate ATUC-50DU, sin necesidad tener que instalar ning\u00fan software adicional.<\/p>\n<p>Matthias Exner, director de ventas y marketing EMEA de audio profesional de Audio-Technica ha afirmado, \u201c<em>Estamos encantados de presentar la oferta de reintegro para el Sistema ATUC-50, que ha recibido una excelente acogida desde su lanzamiento, gracias a su f\u00e1cil manejo y m\u00e1xima calidad de sonido. Aplicada a un sistema ya asequible, esta promoci\u00f3n hace que la actualizaci\u00f3n del sistema ATUC-50, con sus cinco a\u00f1os de garant\u00eda, sea una excelente inversi\u00f3n para salas de juntas y reuniones, conferencias multi idioma, templos y muchas m\u00e1s aplicaciones<\/em>.\u201d<\/p>\n<p>&nbsp;<\/p>\n<p>Para m\u00e1s informaci\u00f3n sobre los\u00a0Sistemas de Conferencia de Audio-Technica, visite\u00a0<a href=\"https:\/\/eu.audio-technica.com\/conferencing#atuc-50?lang=es\">https:\/\/eu.audio-technica.com\/conferencing<\/a><\/p>\n<p>&nbsp;<\/p>\n<p><strong>Sobre Audio-Technica<\/strong><\/p>\n<p>Celebrando m\u00e1s de 50 a\u00f1os de excelencia en el terreno del audio en todo el mundo, Audio-Technica es una empresa l\u00edder en la innovaci\u00f3n en el terreno de la tecnolog\u00eda asociada a los transductores, famosa por el dise\u00f1o y fabricaci\u00f3n de micr\u00f3fonos, micr\u00f3fonos inal\u00e1mbricos, auriculares, mezcladores y equipos electr\u00f3nicos para la industria del audio. Entre los usuarios de micr\u00f3fonos y auriculares de Audio-Technica se encuentran Metallica, Gwen Stefani, Linkin Park, Rudimental, Faithless, Pendulum, Royal Blood, James Bay, Enter Shikari, You Me At Six y Deaf Havana.<\/p>\n","protected":false},"excerpt":{"rendered":"<p>Hasta 9.000 \u20ac de reintegro al cambiar su antiguo sistema de conferencias por uno de Audio-Technica Audio-Technica ha anunciado una oferta de \u2018Reintegro de Sistemas de Conferencia\u2019 para clientes que deseen actualizar su actual sistema de conferencias con nuestro premiado sistema digital de debates ATUC-50. Dentro del esquema para Europa, estar\u00e1n disponibles reembolsos de hasta [&hellip;]<\/p>\n","protected":false},"author":1,"featured_media":6761,"comment_status":"closed","ping_status":"closed","sticky":false,"template":"","format":"standard","meta":{"_acf_changed":false,"footnotes":""},"categories":[2461],"tags":[1791,1830,1563],"class_list":["post-9298","post","type-post","status-publish","format-standard","has-post-thumbnail","hentry","category-noticias","tag-atuc","tag-promocion","tag-sala-de-conferencias"],"acf":[],"yoast_head":"<!-- This site is optimized with the Yoast SEO plugin v27.1.1 - https:\/\/yoast.com\/product\/yoast-seo-wordpress\/ -->\n<title>Oferta de reintegro de Audio-Technica para sistemas de conferencia - Audio-Technica Iberia<\/title>\n<meta name=\"robots\" content=\"index, follow, max-snippet:-1, max-image-preview:large, max-video-preview:-1\" \/>\n<link rel=\"canonical\" href=\"https:\/\/distribution.audio-technica.eu\/es-es\/noticias\/oferta-reintegro-sistemas-conferencia-audio-technica\/\" \/>\n<meta property=\"og:locale\" content=\"es_ES\" \/>\n<meta property=\"og:type\" content=\"article\" \/>\n<meta property=\"og:title\" content=\"Oferta de reintegro de Audio-Technica para sistemas de conferencia\" \/>\n<meta property=\"og:description\" content=\"Hasta 9.000 \u20ac de reintegro al cambiar su antiguo sistema de conferencias por uno de Audio-Technica Audio-Technica ha anunciado una oferta de \u2018Reintegro de Sistemas de Conferencia\u2019 para clientes que deseen actualizar su actual sistema de conferencias con nuestro premiado sistema digital de debates ATUC-50. Dentro del esquema para Europa, estar\u00e1n disponibles reembolsos de hasta [&hellip;]\" \/>\n<meta property=\"og:url\" content=\"https:\/\/distribution.audio-technica.eu\/es-es\/noticias\/oferta-reintegro-sistemas-conferencia-audio-technica\/\" \/>\n<meta property=\"og:site_name\" content=\"Audio-Technica Iberia\" \/>\n<meta property=\"article:published_time\" content=\"2017-10-10T08:00:12+00:00\" \/>\n<meta property=\"article:modified_time\" content=\"2023-10-17T16:35:15+00:00\" \/>\n<meta property=\"og:image\" content=\"https:\/\/distribution.audio-technica.eu\/app\/uploads\/sites\/2\/NdP-AT-ATUC50-Award-banner.jpg\" \/>\n\t<meta property=\"og:image:width\" content=\"640\" \/>\n\t<meta property=\"og:image:height\" content=\"360\" \/>\n\t<meta property=\"og:image:type\" content=\"image\/jpeg\" \/>\n<meta name=\"author\" content=\"Audio-Technica\" \/>\n<meta name=\"twitter:card\" content=\"summary_large_image\" \/>\n<meta name=\"twitter:label1\" content=\"Escrito por\" \/>\n\t<meta name=\"twitter:data1\" content=\"Audio-Technica\" \/>\n\t<meta name=\"twitter:label2\" content=\"Tiempo de lectura\" \/>\n\t<meta name=\"twitter:data2\" content=\"2 minutos\" \/>\n<script type=\"application\/ld+json\" class=\"yoast-schema-graph\">{\"@context\":\"https:\/\/schema.org\",\"@graph\":[{\"@type\":\"Article\",\"@id\":\"https:\/\/distribution.audio-technica.eu\/es-es\/noticias\/oferta-reintegro-sistemas-conferencia-audio-technica\/#article\",\"isPartOf\":{\"@id\":\"https:\/\/distribution.audio-technica.eu\/es-es\/noticias\/oferta-reintegro-sistemas-conferencia-audio-technica\/\"},\"author\":{\"name\":\"Audio-Technica\",\"@id\":\"https:\/\/distribution.audio-technica.eu\/es-es\/#\/schema\/person\/e8e715e047e33cc425e816f59cbd9b80\"},\"headline\":\"Oferta de reintegro de Audio-Technica para sistemas de conferencia\",\"datePublished\":\"2017-10-10T08:00:12+00:00\",\"dateModified\":\"2023-10-17T16:35:15+00:00\",\"mainEntityOfPage\":{\"@id\":\"https:\/\/distribution.audio-technica.eu\/es-es\/noticias\/oferta-reintegro-sistemas-conferencia-audio-technica\/\"},\"wordCount\":432,\"image\":{\"@id\":\"https:\/\/distribution.audio-technica.eu\/es-es\/noticias\/oferta-reintegro-sistemas-conferencia-audio-technica\/#primaryimage\"},\"thumbnailUrl\":\"\/app\/uploads\/sites\/2\/NdP-AT-ATUC50-Award-banner.jpg\",\"keywords\":[\"ATUC\",\"promocion\",\"sala de conferencias\"],\"articleSection\":[\"Noticias\"],\"inLanguage\":\"es\"},{\"@type\":\"WebPage\",\"@id\":\"https:\/\/distribution.audio-technica.eu\/es-es\/noticias\/oferta-reintegro-sistemas-conferencia-audio-technica\/\",\"url\":\"https:\/\/distribution.audio-technica.eu\/es-es\/noticias\/oferta-reintegro-sistemas-conferencia-audio-technica\/\",\"name\":\"Oferta de reintegro de Audio-Technica para sistemas de conferencia - Audio-Technica Iberia\",\"isPartOf\":{\"@id\":\"https:\/\/distribution.audio-technica.eu\/es-es\/#website\"},\"primaryImageOfPage\":{\"@id\":\"https:\/\/distribution.audio-technica.eu\/es-es\/noticias\/oferta-reintegro-sistemas-conferencia-audio-technica\/#primaryimage\"},\"image\":{\"@id\":\"https:\/\/distribution.audio-technica.eu\/es-es\/noticias\/oferta-reintegro-sistemas-conferencia-audio-technica\/#primaryimage\"},\"thumbnailUrl\":\"\/app\/uploads\/sites\/2\/NdP-AT-ATUC50-Award-banner.jpg\",\"datePublished\":\"2017-10-10T08:00:12+00:00\",\"dateModified\":\"2023-10-17T16:35:15+00:00\",\"author\":{\"@id\":\"https:\/\/distribution.audio-technica.eu\/es-es\/#\/schema\/person\/e8e715e047e33cc425e816f59cbd9b80\"},\"breadcrumb\":{\"@id\":\"https:\/\/distribution.audio-technica.eu\/es-es\/noticias\/oferta-reintegro-sistemas-conferencia-audio-technica\/#breadcrumb\"},\"inLanguage\":\"es\",\"potentialAction\":[{\"@type\":\"ReadAction\",\"target\":[\"https:\/\/distribution.audio-technica.eu\/es-es\/noticias\/oferta-reintegro-sistemas-conferencia-audio-technica\/\"]}]},{\"@type\":\"ImageObject\",\"inLanguage\":\"es\",\"@id\":\"https:\/\/distribution.audio-technica.eu\/es-es\/noticias\/oferta-reintegro-sistemas-conferencia-audio-technica\/#primaryimage\",\"url\":\"\/app\/uploads\/sites\/2\/NdP-AT-ATUC50-Award-banner.jpg\",\"contentUrl\":\"\/app\/uploads\/sites\/2\/NdP-AT-ATUC50-Award-banner.jpg\",\"width\":640,\"height\":360,\"caption\":\"El sistema de debate ATUC-50 recibe el premio al producto m\u00e1s innovador de su categor\u00eda en el InfoComm 2017\"},{\"@type\":\"BreadcrumbList\",\"@id\":\"https:\/\/distribution.audio-technica.eu\/es-es\/noticias\/oferta-reintegro-sistemas-conferencia-audio-technica\/#breadcrumb\",\"itemListElement\":[{\"@type\":\"ListItem\",\"position\":1,\"name\":\"Products\",\"item\":\"https:\/\/distribution.audio-technica.eu\/es-es\/\"},{\"@type\":\"ListItem\",\"position\":2,\"name\":\"Oferta de reintegro de Audio-Technica para sistemas de conferencia\"}]},{\"@type\":\"WebSite\",\"@id\":\"https:\/\/distribution.audio-technica.eu\/es-es\/#website\",\"url\":\"https:\/\/distribution.audio-technica.eu\/es-es\/\",\"name\":\"Audio-Technica Iberia\",\"description\":\"Distribuci\u00f3n\",\"potentialAction\":[{\"@type\":\"SearchAction\",\"target\":{\"@type\":\"EntryPoint\",\"urlTemplate\":\"https:\/\/distribution.audio-technica.eu\/es-es\/?s={search_term_string}\"},\"query-input\":{\"@type\":\"PropertyValueSpecification\",\"valueRequired\":true,\"valueName\":\"search_term_string\"}}],\"inLanguage\":\"es\"},{\"@type\":\"Person\",\"@id\":\"https:\/\/distribution.audio-technica.eu\/es-es\/#\/schema\/person\/e8e715e047e33cc425e816f59cbd9b80\",\"name\":\"Audio-Technica\"}]}<\/script>\n<!-- \/ Yoast SEO plugin. -->","yoast_head_json":{"title":"Oferta de reintegro de Audio-Technica para sistemas de conferencia - Audio-Technica Iberia","robots":{"index":"index","follow":"follow","max-snippet":"max-snippet:-1","max-image-preview":"max-image-preview:large","max-video-preview":"max-video-preview:-1"},"canonical":"https:\/\/distribution.audio-technica.eu\/es-es\/noticias\/oferta-reintegro-sistemas-conferencia-audio-technica\/","og_locale":"es_ES","og_type":"article","og_title":"Oferta de reintegro de Audio-Technica para sistemas de conferencia","og_description":"Hasta 9.000 \u20ac de reintegro al cambiar su antiguo sistema de conferencias por uno de Audio-Technica Audio-Technica ha anunciado una oferta de \u2018Reintegro de Sistemas de Conferencia\u2019 para clientes que deseen actualizar su actual sistema de conferencias con nuestro premiado sistema digital de debates ATUC-50. Dentro del esquema para Europa, estar\u00e1n disponibles reembolsos de hasta [&hellip;]","og_url":"https:\/\/distribution.audio-technica.eu\/es-es\/noticias\/oferta-reintegro-sistemas-conferencia-audio-technica\/","og_site_name":"Audio-Technica Iberia","article_published_time":"2017-10-10T08:00:12+00:00","article_modified_time":"2023-10-17T16:35:15+00:00","og_image":[{"width":640,"height":360,"url":"https:\/\/distribution.audio-technica.eu\/app\/uploads\/sites\/2\/NdP-AT-ATUC50-Award-banner.jpg","type":"image\/jpeg"}],"author":"Audio-Technica","twitter_card":"summary_large_image","twitter_misc":{"Escrito por":"Audio-Technica","Tiempo de lectura":"2 minutos"},"schema":{"@context":"https:\/\/schema.org","@graph":[{"@type":"Article","@id":"https:\/\/distribution.audio-technica.eu\/es-es\/noticias\/oferta-reintegro-sistemas-conferencia-audio-technica\/#article","isPartOf":{"@id":"https:\/\/distribution.audio-technica.eu\/es-es\/noticias\/oferta-reintegro-sistemas-conferencia-audio-technica\/"},"author":{"name":"Audio-Technica","@id":"https:\/\/distribution.audio-technica.eu\/es-es\/#\/schema\/person\/e8e715e047e33cc425e816f59cbd9b80"},"headline":"Oferta de reintegro de Audio-Technica para sistemas de conferencia","datePublished":"2017-10-10T08:00:12+00:00","dateModified":"2023-10-17T16:35:15+00:00","mainEntityOfPage":{"@id":"https:\/\/distribution.audio-technica.eu\/es-es\/noticias\/oferta-reintegro-sistemas-conferencia-audio-technica\/"},"wordCount":432,"image":{"@id":"https:\/\/distribution.audio-technica.eu\/es-es\/noticias\/oferta-reintegro-sistemas-conferencia-audio-technica\/#primaryimage"},"thumbnailUrl":"\/app\/uploads\/sites\/2\/NdP-AT-ATUC50-Award-banner.jpg","keywords":["ATUC","promocion","sala de conferencias"],"articleSection":["Noticias"],"inLanguage":"es"},{"@type":"WebPage","@id":"https:\/\/distribution.audio-technica.eu\/es-es\/noticias\/oferta-reintegro-sistemas-conferencia-audio-technica\/","url":"https:\/\/distribution.audio-technica.eu\/es-es\/noticias\/oferta-reintegro-sistemas-conferencia-audio-technica\/","name":"Oferta de reintegro de Audio-Technica para sistemas de conferencia - Audio-Technica Iberia","isPartOf":{"@id":"https:\/\/distribution.audio-technica.eu\/es-es\/#website"},"primaryImageOfPage":{"@id":"https:\/\/distribution.audio-technica.eu\/es-es\/noticias\/oferta-reintegro-sistemas-conferencia-audio-technica\/#primaryimage"},"image":{"@id":"https:\/\/distribution.audio-technica.eu\/es-es\/noticias\/oferta-reintegro-sistemas-conferencia-audio-technica\/#primaryimage"},"thumbnailUrl":"\/app\/uploads\/sites\/2\/NdP-AT-ATUC50-Award-banner.jpg","datePublished":"2017-10-10T08:00:12+00:00","dateModified":"2023-10-17T16:35:15+00:00","author":{"@id":"https:\/\/distribution.audio-technica.eu\/es-es\/#\/schema\/person\/e8e715e047e33cc425e816f59cbd9b80"},"breadcrumb":{"@id":"https:\/\/distribution.audio-technica.eu\/es-es\/noticias\/oferta-reintegro-sistemas-conferencia-audio-technica\/#breadcrumb"},"inLanguage":"es","potentialAction":[{"@type":"ReadAction","target":["https:\/\/distribution.audio-technica.eu\/es-es\/noticias\/oferta-reintegro-sistemas-conferencia-audio-technica\/"]}]},{"@type":"ImageObject","inLanguage":"es","@id":"https:\/\/distribution.audio-technica.eu\/es-es\/noticias\/oferta-reintegro-sistemas-conferencia-audio-technica\/#primaryimage","url":"\/app\/uploads\/sites\/2\/NdP-AT-ATUC50-Award-banner.jpg","contentUrl":"\/app\/uploads\/sites\/2\/NdP-AT-ATUC50-Award-banner.jpg","width":640,"height":360,"caption":"El sistema de debate ATUC-50 recibe el premio al producto m\u00e1s innovador de su categor\u00eda en el InfoComm 2017"},{"@type":"BreadcrumbList","@id":"https:\/\/distribution.audio-technica.eu\/es-es\/noticias\/oferta-reintegro-sistemas-conferencia-audio-technica\/#breadcrumb","itemListElement":[{"@type":"ListItem","position":1,"name":"Products","item":"https:\/\/distribution.audio-technica.eu\/es-es\/"},{"@type":"ListItem","position":2,"name":"Oferta de reintegro de Audio-Technica para sistemas de conferencia"}]},{"@type":"WebSite","@id":"https:\/\/distribution.audio-technica.eu\/es-es\/#website","url":"https:\/\/distribution.audio-technica.eu\/es-es\/","name":"Audio-Technica Iberia","description":"Distribuci\u00f3n","potentialAction":[{"@type":"SearchAction","target":{"@type":"EntryPoint","urlTemplate":"https:\/\/distribution.audio-technica.eu\/es-es\/?s={search_term_string}"},"query-input":{"@type":"PropertyValueSpecification","valueRequired":true,"valueName":"search_term_string"}}],"inLanguage":"es"},{"@type":"Person","@id":"https:\/\/distribution.audio-technica.eu\/es-es\/#\/schema\/person\/e8e715e047e33cc425e816f59cbd9b80","name":"Audio-Technica"}]}},"_links":{"self":[{"href":"https:\/\/distribution.audio-technica.eu\/es-es\/wp-json\/wp\/v2\/posts\/9298","targetHints":{"allow":["GET"]}}],"collection":[{"href":"https:\/\/distribution.audio-technica.eu\/es-es\/wp-json\/wp\/v2\/posts"}],"about":[{"href":"https:\/\/distribution.audio-technica.eu\/es-es\/wp-json\/wp\/v2\/types\/post"}],"author":[{"embeddable":true,"href":"https:\/\/distribution.audio-technica.eu\/es-es\/wp-json\/wp\/v2\/users\/1"}],"replies":[{"embeddable":true,"href":"https:\/\/distribution.audio-technica.eu\/es-es\/wp-json\/wp\/v2\/comments?post=9298"}],"version-history":[{"count":1,"href":"https:\/\/distribution.audio-technica.eu\/es-es\/wp-json\/wp\/v2\/posts\/9298\/revisions"}],"predecessor-version":[{"id":30253,"href":"https:\/\/distribution.audio-technica.eu\/es-es\/wp-json\/wp\/v2\/posts\/9298\/revisions\/30253"}],"wp:featuredmedia":[{"embeddable":true,"href":"https:\/\/distribution.audio-technica.eu\/es-es\/wp-json\/wp\/v2\/media\/6761"}],"wp:attachment":[{"href":"https:\/\/distribution.audio-technica.eu\/es-es\/wp-json\/wp\/v2\/media?parent=9298"}],"wp:term":[{"taxonomy":"category","embeddable":true,"href":"https:\/\/distribution.audio-technica.eu\/es-es\/wp-json\/wp\/v2\/categories?post=9298"},{"taxonomy":"post_tag","embeddable":true,"href":"https:\/\/distribution.audio-technica.eu\/es-es\/wp-json\/wp\/v2\/tags?post=9298"}],"curies":[{"name":"wp","href":"https:\/\/api.w.org\/{rel}","templated":true}]}}