{"id":9299,"date":"2017-11-02T10:00:56","date_gmt":"2017-11-02T09:00:56","guid":{"rendered":"http:\/\/noticias.audio-technica.es\/?p=1803"},"modified":"2023-10-17T18:34:54","modified_gmt":"2023-10-17T16:34:54","slug":"novedades-audio-technica-iberia-bitam-2017","status":"publish","type":"post","link":"https:\/\/distribution.audio-technica.eu\/es-es\/noticias\/novedades-audio-technica-iberia-bitam-2017\/","title":{"rendered":"Novedades de Audio-Technica Iberia en BITAM 2017"},"content":{"rendered":"<h2>Audio-Technica Iberia presentar\u00e1 en su stand todas sus novedades como fabricante de Audio-Technica y las de sus marcas distribuidas en Espa\u00f1a para el sector Broadcast: Allen &amp; Heath, Genelec y Audient.<\/h2>\n<p><a href=\"http:\/\/noticias.audio-technica.es\/wp-content\/uploads\/NdP-BITAM-2017-Pre-Logo_banner.jpg\"><img loading=\"lazy\" decoding=\"async\" class=\"aligncenter size-full wp-image-1873\" src=\"http:\/\/noticias.audio-technica.es\/wp-content\/uploads\/NdP-BITAM-2017-Pre-Logo_banner.jpg\" alt=\"Novedades de Audio-Technica Iberia en BITAM 2017\" width=\"600\" height=\"255\" srcset=\"https:\/\/distribution.audio-technica.eu\/app\/uploads\/sites\/2\/NdP-BITAM-2017-Pre-Logo_banner.jpg 600w, https:\/\/distribution.audio-technica.eu\/app\/uploads\/sites\/2\/NdP-BITAM-2017-Pre-Logo_banner-300x128.jpg 300w, https:\/\/distribution.audio-technica.eu\/app\/uploads\/sites\/2\/NdP-BITAM-2017-Pre-Logo_banner-200x85.jpg 200w, https:\/\/distribution.audio-technica.eu\/app\/uploads\/sites\/2\/NdP-BITAM-2017-Pre-Logo_banner-400x170.jpg 400w\" sizes=\"auto, (max-width: 600px) 100vw, 600px\" \/><\/a><\/p>\n<p>Esta feria tendr\u00e1 lugar en el Pabell\u00f3n de Cristal del Recinto Ferial de la Casa de Campo de Madrid durante los d\u00edas 21-22 y 23 de Noviembre de 2017, y con un car\u00e1cter exclusivamente profesional, a la que s\u00f3lo se podr\u00e1 acceder mediante la obtenci\u00f3n de un pase gratuito desde la empresa organizadora del evento en <a href=\"http:\/\/www.bitamshow.com\/registro.asp\">http:\/\/www.bitamshow.com\/registro.asp<\/a><\/p>\n<p><a href=\"http:\/\/noticias.audio-technica.es\/wp-content\/uploads\/NdP-BITAM-2017-Pre-AT2035-Studio.jpg\"><img loading=\"lazy\" decoding=\"async\" class=\"aligncenter size-full wp-image-1869\" src=\"http:\/\/noticias.audio-technica.es\/wp-content\/uploads\/NdP-BITAM-2017-Pre-AT2035-Studio.jpg\" alt=\"Novedades de Audio-Technica Iberia en BITAM 2017\" width=\"1800\" height=\"840\" srcset=\"https:\/\/distribution.audio-technica.eu\/app\/uploads\/sites\/2\/NdP-BITAM-2017-Pre-AT2035-Studio.jpg 1800w, https:\/\/distribution.audio-technica.eu\/app\/uploads\/sites\/2\/NdP-BITAM-2017-Pre-AT2035-Studio-300x140.jpg 300w, https:\/\/distribution.audio-technica.eu\/app\/uploads\/sites\/2\/NdP-BITAM-2017-Pre-AT2035-Studio-768x358.jpg 768w, https:\/\/distribution.audio-technica.eu\/app\/uploads\/sites\/2\/NdP-BITAM-2017-Pre-AT2035-Studio-1024x478.jpg 1024w, https:\/\/distribution.audio-technica.eu\/app\/uploads\/sites\/2\/NdP-BITAM-2017-Pre-AT2035-Studio-200x93.jpg 200w, https:\/\/distribution.audio-technica.eu\/app\/uploads\/sites\/2\/NdP-BITAM-2017-Pre-AT2035-Studio-400x187.jpg 400w, https:\/\/distribution.audio-technica.eu\/app\/uploads\/sites\/2\/NdP-BITAM-2017-Pre-AT2035-Studio-600x280.jpg 600w, https:\/\/distribution.audio-technica.eu\/app\/uploads\/sites\/2\/NdP-BITAM-2017-Pre-AT2035-Studio-800x373.jpg 800w, https:\/\/distribution.audio-technica.eu\/app\/uploads\/sites\/2\/NdP-BITAM-2017-Pre-AT2035-Studio-1200x560.jpg 1200w\" sizes=\"auto, (max-width: 1800px) 100vw, 1800px\" \/><\/a><\/p>\n<p>De\u00a0<strong>Audio-Technica<\/strong>, estar\u00e1 presente y en demostraci\u00f3n constante el\u00a0<a href=\"https:\/\/eu.audio-technica.com\/AT2035-Studio?lang=es\"><strong>AT2035-Studio<\/strong><\/a>, un pack de grabaci\u00f3n para home studio que combina un micr\u00f3fono de condensador cardioide AT2035, unos auriculares profesionales de monitorizaci\u00f3n ATH-M40x y una interface de audio USB iD4 Black de Audient, todo ello incluyendo un paquete de software gratuito valorado en casi 600 \u20ac.<\/p>\n<p><a href=\"http:\/\/noticias.audio-technica.es\/wp-content\/uploads\/NdP-BITAM-2017-Pre-AT5047.jpg\"><img loading=\"lazy\" decoding=\"async\" class=\"aligncenter wp-image-1870\" src=\"http:\/\/noticias.audio-technica.es\/wp-content\/uploads\/NdP-BITAM-2017-Pre-AT5047.jpg\" alt=\"Novedades de Audio-Technica Iberia en BITAM 2017\" width=\"282\" height=\"282\" srcset=\"https:\/\/distribution.audio-technica.eu\/app\/uploads\/sites\/2\/NdP-BITAM-2017-Pre-AT5047.jpg 1800w, https:\/\/distribution.audio-technica.eu\/app\/uploads\/sites\/2\/NdP-BITAM-2017-Pre-AT5047-150x150.jpg 150w, https:\/\/distribution.audio-technica.eu\/app\/uploads\/sites\/2\/NdP-BITAM-2017-Pre-AT5047-300x300.jpg 300w, https:\/\/distribution.audio-technica.eu\/app\/uploads\/sites\/2\/NdP-BITAM-2017-Pre-AT5047-768x768.jpg 768w, https:\/\/distribution.audio-technica.eu\/app\/uploads\/sites\/2\/NdP-BITAM-2017-Pre-AT5047-1024x1024.jpg 1024w, https:\/\/distribution.audio-technica.eu\/app\/uploads\/sites\/2\/NdP-BITAM-2017-Pre-AT5047-66x66.jpg 66w, https:\/\/distribution.audio-technica.eu\/app\/uploads\/sites\/2\/NdP-BITAM-2017-Pre-AT5047-200x200.jpg 200w, https:\/\/distribution.audio-technica.eu\/app\/uploads\/sites\/2\/NdP-BITAM-2017-Pre-AT5047-400x400.jpg 400w, https:\/\/distribution.audio-technica.eu\/app\/uploads\/sites\/2\/NdP-BITAM-2017-Pre-AT5047-600x600.jpg 600w, https:\/\/distribution.audio-technica.eu\/app\/uploads\/sites\/2\/NdP-BITAM-2017-Pre-AT5047-800x800.jpg 800w, https:\/\/distribution.audio-technica.eu\/app\/uploads\/sites\/2\/NdP-BITAM-2017-Pre-AT5047-1200x1200.jpg 1200w, https:\/\/distribution.audio-technica.eu\/app\/uploads\/sites\/2\/NdP-BITAM-2017-Pre-AT5047-100x100.jpg 100w\" sizes=\"auto, (max-width: 282px) 100vw, 282px\" \/><\/a><\/p>\n<p>Adem\u00e1s, tambi\u00e9n se presentar\u00e1 el nuevo micr\u00f3fono\u00a0<a href=\"https:\/\/eu.audio-technica.com\/AT5047?lang=es\"><strong>AT5047<\/strong><\/a>, un condensador cardioide con una salida acoplada al transformador que proporciona un car\u00e1cter sonoro notablemente suave y asegura un manejo de alto SPL sin el riesgo de sobrecargar los preamplificadores de micr\u00f3fono o las entradas de consola. Al igual que el resto de la Serie 50, el AT5047 est\u00e1 montado a mano y bellamente dise\u00f1ado de aluminio y lat\u00f3n, con un soporte de anti-choque interno avanzado que desacopla la c\u00e1psula del cuerpo del micr\u00f3fono.<\/p>\n<p>Junto a esta destacada novedad, tambi\u00e9n se exhibir\u00e1 toda la gama de microfon\u00eda para estudio y broadcast de Audio-Technica que incluye modelos tan destacados como el\u00a0<a href=\"https:\/\/eu.audio-technica.com\/AT5045?lang=es\"><strong>AT5045<\/strong><\/a>, un micr\u00f3fono condensador de gran diafragma en un peque\u00f1o cuerpo en forma de barra, f\u00e1cil de posicionar y que presenta un \u00e1rea de superficie del diafragma m\u00e1s grande que la mayor\u00eda de micr\u00f3fonos tradicionales de condensador de gran diafragma\u00a0del mercado. Tambi\u00e9n estar\u00e1 presente el\u00a0<a href=\"https:\/\/eu.audio-technica.com\/AT5040?lang=es\"><strong>AT5040<\/strong><\/a>, el micr\u00f3fono vocal de condensador para estudio m\u00e1s avanzado de Audio-Technica, que incorpora cuatro diafragmas rectangulares (2 micron) que funcionan de forma conjunta como el elemento m\u00e1s grande creado por Audio-Technica, ya que proporciona una superficie combinada dos veces superior a un diafragma circular de una pulgada est\u00e1ndar. Todo ello proporciona un ruido excepcionalmente bajo y amplio rango din\u00e1mico, ideal para voces en estudio.<\/p>\n<p>Los asistentes al evento tambi\u00e9n tendr\u00e1n la oportunidad de probar todos los auriculares profesionales de la serie ATH-Mx, que han conseguido la mejor reputaci\u00f3n entre profesionales de todo el mundo y que ya se han convertido en una referencia del mercado.<\/p>\n<p><a href=\"http:\/\/noticias.audio-technica.es\/wp-content\/uploads\/NdP-BITAM-2017-Pre-AH-dLive-C-Class.jpg\"><img loading=\"lazy\" decoding=\"async\" class=\"aligncenter size-full wp-image-1868\" src=\"http:\/\/noticias.audio-technica.es\/wp-content\/uploads\/NdP-BITAM-2017-Pre-AH-dLive-C-Class.jpg\" alt=\"Novedades de Audio-Technica Iberia en BITAM 2017\" width=\"1800\" height=\"1200\" srcset=\"https:\/\/distribution.audio-technica.eu\/app\/uploads\/sites\/2\/NdP-BITAM-2017-Pre-AH-dLive-C-Class.jpg 1800w, https:\/\/distribution.audio-technica.eu\/app\/uploads\/sites\/2\/NdP-BITAM-2017-Pre-AH-dLive-C-Class-300x200.jpg 300w, https:\/\/distribution.audio-technica.eu\/app\/uploads\/sites\/2\/NdP-BITAM-2017-Pre-AH-dLive-C-Class-768x512.jpg 768w, https:\/\/distribution.audio-technica.eu\/app\/uploads\/sites\/2\/NdP-BITAM-2017-Pre-AH-dLive-C-Class-1024x683.jpg 1024w, https:\/\/distribution.audio-technica.eu\/app\/uploads\/sites\/2\/NdP-BITAM-2017-Pre-AH-dLive-C-Class-200x133.jpg 200w, https:\/\/distribution.audio-technica.eu\/app\/uploads\/sites\/2\/NdP-BITAM-2017-Pre-AH-dLive-C-Class-400x267.jpg 400w, https:\/\/distribution.audio-technica.eu\/app\/uploads\/sites\/2\/NdP-BITAM-2017-Pre-AH-dLive-C-Class-600x400.jpg 600w, https:\/\/distribution.audio-technica.eu\/app\/uploads\/sites\/2\/NdP-BITAM-2017-Pre-AH-dLive-C-Class-800x533.jpg 800w, https:\/\/distribution.audio-technica.eu\/app\/uploads\/sites\/2\/NdP-BITAM-2017-Pre-AH-dLive-C-Class-1200x800.jpg 1200w\" sizes=\"auto, (max-width: 1800px) 100vw, 1800px\" \/><\/a><\/p>\n<p>De\u00a0<strong>Allen &amp; Heath<\/strong>\u00a0se presentar\u00e1 el sistema de mezclas digital\u00a0<a href=\"https:\/\/eu.audio-technica.com\/dlive-c1500?lang=es\"><strong>dLive C1500<\/strong><\/a>, la cual estar\u00e1 en demostraci\u00f3n permanente. Este modelo de la <a href=\"https:\/\/eu.audio-technica.com\/brands\/allenheath\/ah-por-series\/dlive-c-class?lang=es\">serie\u00a0C Class<\/a>\u00a0destaca por su tama\u00f1o compacto, se puede montar en rack de 19\u201d &#8211; ideal para unidades m\u00f3viles, y dispone de la mayor\u00eda de caracter\u00edsticas y prestaciones de la <a href=\"https:\/\/eu.audio-technica.com\/brands\/allenheath\/ah-por-series\/dlive-s-class?lang=es\">serie S Class<\/a>, siendo totalmente compatible entre ellas. Las superficies de la Clase C utilizan la interface de usuario dLive Harmony, que ofrece control t\u00e1ctil gestual a trav\u00e9s de pantallas capacitivas de 12\u201d, combinadas con controles rotativos mapeados por medio de colores, permitiendo la creatividad e inmediatez del control t\u00e1ctil sobre las funciones clave de procesado.<\/p>\n<p><a href=\"http:\/\/noticias.audio-technica.es\/wp-content\/uploads\/NdP-AH-SQ-Series_WP-1.jpg\"><img loading=\"lazy\" decoding=\"async\" class=\"aligncenter size-full wp-image-1867\" src=\"http:\/\/noticias.audio-technica.es\/wp-content\/uploads\/NdP-AH-SQ-Series_WP-1.jpg\" alt=\"Novedades de Audio-Technica Iberia en BITAM 2017\" width=\"1500\" height=\"1000\" srcset=\"https:\/\/distribution.audio-technica.eu\/app\/uploads\/sites\/2\/NdP-AH-SQ-Series_WP-1.jpg 1500w, https:\/\/distribution.audio-technica.eu\/app\/uploads\/sites\/2\/NdP-AH-SQ-Series_WP-1-300x200.jpg 300w, https:\/\/distribution.audio-technica.eu\/app\/uploads\/sites\/2\/NdP-AH-SQ-Series_WP-1-768x512.jpg 768w, https:\/\/distribution.audio-technica.eu\/app\/uploads\/sites\/2\/NdP-AH-SQ-Series_WP-1-1024x683.jpg 1024w, https:\/\/distribution.audio-technica.eu\/app\/uploads\/sites\/2\/NdP-AH-SQ-Series_WP-1-200x133.jpg 200w, https:\/\/distribution.audio-technica.eu\/app\/uploads\/sites\/2\/NdP-AH-SQ-Series_WP-1-400x267.jpg 400w, https:\/\/distribution.audio-technica.eu\/app\/uploads\/sites\/2\/NdP-AH-SQ-Series_WP-1-600x400.jpg 600w, https:\/\/distribution.audio-technica.eu\/app\/uploads\/sites\/2\/NdP-AH-SQ-Series_WP-1-800x533.jpg 800w, https:\/\/distribution.audio-technica.eu\/app\/uploads\/sites\/2\/NdP-AH-SQ-Series_WP-1-1200x800.jpg 1200w\" sizes=\"auto, (max-width: 1500px) 100vw, 1500px\" \/><\/a><\/p>\n<p>Tambi\u00e9n se presentar\u00e1 la nueva serie de mezcladores digitales SQ, que ofrecen audio en alta resoluci\u00f3n a 96 kHz, con una latencia inferior a 0.7 milisegundos, y que est\u00e1 destinada a aplicaciones de sonorizaci\u00f3n en directo, AV e instalaci\u00f3n. Est\u00e1 formada por dos modelos, el\u00a0<a href=\"https:\/\/eu.audio-technica.com\/brands\/allenheath\/ah-por-series\/Serie-SQ\/SQ-5?lang=es\"><strong>SQ-5<\/strong><\/a>\u00a0y el\u00a0<a href=\"https:\/\/eu.audio-technica.com\/brands\/allenheath\/ah-por-series\/Serie-SQ\/SQ-6?lang=es\"><strong>SQ-6<\/strong><\/a>\u00a0que utilizan el revolucionario motor XCVI FPGA a 96 kHz. El modelo SQ-5 incorpora 16 preamplificadores y 17 faders, y puede ser montado en rack, mientras que el SQ-6 cuenta con 24 preamplificadores y 25 faders. Ambos modelos pueden ser ampliados para disponer de hasta 48 entradas, con la ayuda de cualquiera de los modelos de la extensa familia de expansores remotos que ofrece la firma. Tambi\u00e9n cuentan con una ranura para redes de audio, en la que es posible insertar una tarjeta opcional Dante, Waves o de otros formatos, expandiendo las posibilidades para la integraci\u00f3n de sistemas, splits FoH\/monitor y grabaci\u00f3n multipista. El SQ-Drive incorporado hace posible la realizaci\u00f3n de grabaciones est\u00e9reo y multipista en alta resoluci\u00f3n -96 kHz- directamente a un dispositivo USB. La arquitectura de procesado plug in DEEP de Allen &amp; Heath permite a\u00f1adir a los mezcladores SQ emulaciones de preamplificadores y compresores.<\/p>\n<p><a href=\"http:\/\/noticias.audio-technica.es\/wp-content\/uploads\/NdP-BITAM-2017-Pre-Audient-iD4.jpg\"><img loading=\"lazy\" decoding=\"async\" class=\"aligncenter wp-image-1871\" src=\"http:\/\/noticias.audio-technica.es\/wp-content\/uploads\/NdP-BITAM-2017-Pre-Audient-iD4.jpg\" alt=\"Novedades de Audio-Technica Iberia en BITAM 2017\" width=\"346\" height=\"229\" srcset=\"https:\/\/distribution.audio-technica.eu\/app\/uploads\/sites\/2\/NdP-BITAM-2017-Pre-Audient-iD4.jpg 1000w, https:\/\/distribution.audio-technica.eu\/app\/uploads\/sites\/2\/NdP-BITAM-2017-Pre-Audient-iD4-300x199.jpg 300w, https:\/\/distribution.audio-technica.eu\/app\/uploads\/sites\/2\/NdP-BITAM-2017-Pre-Audient-iD4-768x508.jpg 768w, https:\/\/distribution.audio-technica.eu\/app\/uploads\/sites\/2\/NdP-BITAM-2017-Pre-Audient-iD4-200x132.jpg 200w, https:\/\/distribution.audio-technica.eu\/app\/uploads\/sites\/2\/NdP-BITAM-2017-Pre-Audient-iD4-400x265.jpg 400w, https:\/\/distribution.audio-technica.eu\/app\/uploads\/sites\/2\/NdP-BITAM-2017-Pre-Audient-iD4-600x397.jpg 600w, https:\/\/distribution.audio-technica.eu\/app\/uploads\/sites\/2\/NdP-BITAM-2017-Pre-Audient-iD4-800x530.jpg 800w\" sizes=\"auto, (max-width: 346px) 100vw, 346px\" \/><\/a><\/p>\n<p>De <strong>Audient<\/strong> estar\u00e1 presente su l\u00ednea completa de interfaces de audio, formada por los modelos\u00a0<a href=\"https:\/\/eu.audio-technica.com\/brands\/audient\/interfaces-de-audio\/iD4?lang=es\"><strong>iD4<\/strong><\/a>,\u00a0<a href=\"https:\/\/eu.audio-technica.com\/brands\/audient\/interfaces-de-audio\/iD14?lang=es\"><strong>iD14<\/strong>\u00a0<\/a>e\u00a0<a href=\"https:\/\/eu.audio-technica.com\/brands\/audient\/interfaces-de-audio\/iD22?lang=es\"><strong>iD22<\/strong><\/a>. Estos tres modelos ofrecen, en un formato compacto de sobremesa, la misma calidad de audio que una consola de gran formato, ya que incorporan los mismos preamplificadores que la consola de estudio de Audient, as\u00ed como conversores de la m\u00e1xima calidad. Tambi\u00e9n estar\u00e1n presentes los potentes preamplificadores\u00a0<a href=\"https:\/\/eu.audio-technica.com\/brands\/audient\/previos-de-microfono\/ASP800?lang=es\"><strong>ASP800<\/strong>\u00a0<\/a>y\u00a0<a href=\"https:\/\/eu.audio-technica.com\/brands\/audient\/previos-de-microfono\/ASP880?lang=es\"><strong>ASP880<\/strong><\/a>, dise\u00f1ados para permitir la realizaci\u00f3n de grabaciones con el m\u00e1s alto nivel profesional. Proporcionan 8 canales equipados con los famosos preamplificadores microf\u00f3nicos que incorpora la consola de estudio de Audient y los excelentes conversores Burr-Brown, todo ello en formato de 1U de rack.<\/p>\n<p><a href=\"http:\/\/noticias.audio-technica.es\/wp-content\/uploads\/NdP-BITAM-2017-Pre-Genelec-The-Ones.jpg\"><img loading=\"lazy\" decoding=\"async\" class=\"aligncenter size-full wp-image-1872\" src=\"http:\/\/noticias.audio-technica.es\/wp-content\/uploads\/NdP-BITAM-2017-Pre-Genelec-The-Ones.jpg\" alt=\"Novedades de Audio-Technica Iberia en BITAM 2017\" width=\"1800\" height=\"786\" srcset=\"https:\/\/distribution.audio-technica.eu\/app\/uploads\/sites\/2\/NdP-BITAM-2017-Pre-Genelec-The-Ones.jpg 1800w, https:\/\/distribution.audio-technica.eu\/app\/uploads\/sites\/2\/NdP-BITAM-2017-Pre-Genelec-The-Ones-300x131.jpg 300w, https:\/\/distribution.audio-technica.eu\/app\/uploads\/sites\/2\/NdP-BITAM-2017-Pre-Genelec-The-Ones-768x335.jpg 768w, https:\/\/distribution.audio-technica.eu\/app\/uploads\/sites\/2\/NdP-BITAM-2017-Pre-Genelec-The-Ones-1024x447.jpg 1024w, https:\/\/distribution.audio-technica.eu\/app\/uploads\/sites\/2\/NdP-BITAM-2017-Pre-Genelec-The-Ones-200x87.jpg 200w, https:\/\/distribution.audio-technica.eu\/app\/uploads\/sites\/2\/NdP-BITAM-2017-Pre-Genelec-The-Ones-400x175.jpg 400w, https:\/\/distribution.audio-technica.eu\/app\/uploads\/sites\/2\/NdP-BITAM-2017-Pre-Genelec-The-Ones-600x262.jpg 600w, https:\/\/distribution.audio-technica.eu\/app\/uploads\/sites\/2\/NdP-BITAM-2017-Pre-Genelec-The-Ones-800x349.jpg 800w, https:\/\/distribution.audio-technica.eu\/app\/uploads\/sites\/2\/NdP-BITAM-2017-Pre-Genelec-The-Ones-1200x524.jpg 1200w\" sizes=\"auto, (max-width: 1800px) 100vw, 1800px\" \/><\/a><\/p>\n<p>Para terminar, de la firma\u00a0<strong>Genelec<\/strong>\u00a0se presentar\u00e1 la l\u00ednea completa de \u201c<a href=\"https:\/\/eu.audio-technica.com\/brands\/genelec\/genelec-por-series\/serie-the-ones?lang=es\"><strong>The Ones<\/strong><\/a>\u201d, una gama de monitores coaxiales compactos de fuente puntual formada por los modelos\u00a0<a href=\"https:\/\/eu.audio-technica.com\/brands\/genelec\/genelec-por-series\/serie-the-ones\/8331A?lang=es\"><strong>8331<\/strong><\/a>,\u00a0<a href=\"https:\/\/eu.audio-technica.com\/brands\/genelec\/genelec-por-series\/serie-the-ones\/8341A?lang=es\"><strong>8341<\/strong>\u00a0<\/a>y\u00a0<a href=\"https:\/\/eu.audio-technica.com\/brands\/genelec\/genelec-por-series\/serie-the-ones\/8351A?lang=es\"><strong>8351<\/strong><\/a>. Estos monitores autoamplificados y gestionables via SAM proporcionan una imagen precisa tanto dentro como fuera del eje, junto con una reproducci\u00f3n absolutamente neutral, lo que permite a los usuarios tomar decisiones de mezcla con confianza a la vez que pueden escuchar por m\u00e1s tiempo.<\/p>\n<p><a href=\"http:\/\/www.bitamshow.com\/registro.asp\"><img loading=\"lazy\" decoding=\"async\" class=\"aligncenter wp-image-1866 size-full\" src=\"http:\/\/noticias.audio-technica.es\/wp-content\/uploads\/NdP-BITAM-2017-Pre-Ticket.jpg\" alt=\"Novedades de Audio-Technica Iberia en BITAM 2017\" width=\"1800\" height=\"943\" srcset=\"https:\/\/distribution.audio-technica.eu\/app\/uploads\/sites\/2\/NdP-BITAM-2017-Pre-Ticket.jpg 1800w, https:\/\/distribution.audio-technica.eu\/app\/uploads\/sites\/2\/NdP-BITAM-2017-Pre-Ticket-300x157.jpg 300w, https:\/\/distribution.audio-technica.eu\/app\/uploads\/sites\/2\/NdP-BITAM-2017-Pre-Ticket-768x402.jpg 768w, https:\/\/distribution.audio-technica.eu\/app\/uploads\/sites\/2\/NdP-BITAM-2017-Pre-Ticket-1024x536.jpg 1024w, https:\/\/distribution.audio-technica.eu\/app\/uploads\/sites\/2\/NdP-BITAM-2017-Pre-Ticket-200x105.jpg 200w, https:\/\/distribution.audio-technica.eu\/app\/uploads\/sites\/2\/NdP-BITAM-2017-Pre-Ticket-400x210.jpg 400w, https:\/\/distribution.audio-technica.eu\/app\/uploads\/sites\/2\/NdP-BITAM-2017-Pre-Ticket-600x314.jpg 600w, https:\/\/distribution.audio-technica.eu\/app\/uploads\/sites\/2\/NdP-BITAM-2017-Pre-Ticket-800x419.jpg 800w, https:\/\/distribution.audio-technica.eu\/app\/uploads\/sites\/2\/NdP-BITAM-2017-Pre-Ticket-1200x629.jpg 1200w\" sizes=\"auto, (max-width: 1800px) 100vw, 1800px\" \/><\/a><\/p>\n<p><a href=\"http:\/\/www.bitamshow.com\/\">M\u00e1s informaci\u00f3n sobre BITAM<\/a><\/p>\n","protected":false},"excerpt":{"rendered":"<p>Audio-Technica Iberia presentar\u00e1 en su stand todas sus novedades como fabricante de Audio-Technica y las de sus marcas distribuidas en Espa\u00f1a para el sector Broadcast: Allen &amp; Heath, Genelec y Audient. Esta feria tendr\u00e1 lugar en el Pabell\u00f3n de Cristal del Recinto Ferial de la Casa de Campo de Madrid durante los d\u00edas 21-22 y [&hellip;]<\/p>\n","protected":false},"author":1,"featured_media":1873,"comment_status":"closed","ping_status":"closed","sticky":false,"template":"","format":"standard","meta":{"_acf_changed":false,"footnotes":""},"categories":[2458],"tags":[1690,1646,1831,1832],"class_list":["post-9299","post","type-post","status-publish","format-standard","has-post-thumbnail","hentry","category-eventos","tag-bitam","tag-broadcast","tag-ferias","tag-studios"],"acf":[],"yoast_head":"<!-- This site is optimized with the Yoast SEO plugin v27.1.1 - https:\/\/yoast.com\/product\/yoast-seo-wordpress\/ -->\n<title>Novedades de Audio-Technica Iberia en BITAM 2017 - Audio-Technica Iberia<\/title>\n<meta name=\"robots\" content=\"index, follow, max-snippet:-1, max-image-preview:large, max-video-preview:-1\" \/>\n<link rel=\"canonical\" href=\"https:\/\/distribution.audio-technica.eu\/es-es\/noticias\/novedades-audio-technica-iberia-bitam-2017\/\" \/>\n<meta property=\"og:locale\" content=\"es_ES\" \/>\n<meta property=\"og:type\" content=\"article\" \/>\n<meta property=\"og:title\" content=\"Novedades de Audio-Technica Iberia en BITAM 2017\" \/>\n<meta property=\"og:description\" content=\"Audio-Technica Iberia presentar\u00e1 en su stand todas sus novedades como fabricante de Audio-Technica y las de sus marcas distribuidas en Espa\u00f1a para el sector Broadcast: Allen &amp; Heath, Genelec y Audient. Esta feria tendr\u00e1 lugar en el Pabell\u00f3n de Cristal del Recinto Ferial de la Casa de Campo de Madrid durante los d\u00edas 21-22 y [&hellip;]\" \/>\n<meta property=\"og:url\" content=\"https:\/\/distribution.audio-technica.eu\/es-es\/noticias\/novedades-audio-technica-iberia-bitam-2017\/\" \/>\n<meta property=\"og:site_name\" content=\"Audio-Technica Iberia\" \/>\n<meta property=\"article:published_time\" content=\"2017-11-02T09:00:56+00:00\" \/>\n<meta property=\"article:modified_time\" content=\"2023-10-17T16:34:54+00:00\" \/>\n<meta property=\"og:image\" content=\"https:\/\/distribution.audio-technica.eu\/app\/uploads\/sites\/2\/NdP-BITAM-2017-Pre-Logo_banner.jpg\" \/>\n\t<meta property=\"og:image:width\" content=\"600\" \/>\n\t<meta property=\"og:image:height\" content=\"255\" \/>\n\t<meta property=\"og:image:type\" content=\"image\/jpeg\" \/>\n<meta name=\"author\" content=\"Audio-Technica\" \/>\n<meta name=\"twitter:card\" content=\"summary_large_image\" \/>\n<meta name=\"twitter:label1\" content=\"Escrito por\" \/>\n\t<meta name=\"twitter:data1\" content=\"Audio-Technica\" \/>\n\t<meta name=\"twitter:label2\" content=\"Tiempo de lectura\" \/>\n\t<meta name=\"twitter:data2\" content=\"5 minutos\" \/>\n<script type=\"application\/ld+json\" class=\"yoast-schema-graph\">{\"@context\":\"https:\/\/schema.org\",\"@graph\":[{\"@type\":\"Article\",\"@id\":\"https:\/\/distribution.audio-technica.eu\/es-es\/noticias\/novedades-audio-technica-iberia-bitam-2017\/#article\",\"isPartOf\":{\"@id\":\"https:\/\/distribution.audio-technica.eu\/es-es\/noticias\/novedades-audio-technica-iberia-bitam-2017\/\"},\"author\":{\"name\":\"Audio-Technica\",\"@id\":\"https:\/\/distribution.audio-technica.eu\/es-es\/#\/schema\/person\/e8e715e047e33cc425e816f59cbd9b80\"},\"headline\":\"Novedades de Audio-Technica Iberia en BITAM 2017\",\"datePublished\":\"2017-11-02T09:00:56+00:00\",\"dateModified\":\"2023-10-17T16:34:54+00:00\",\"mainEntityOfPage\":{\"@id\":\"https:\/\/distribution.audio-technica.eu\/es-es\/noticias\/novedades-audio-technica-iberia-bitam-2017\/\"},\"wordCount\":961,\"image\":{\"@id\":\"https:\/\/distribution.audio-technica.eu\/es-es\/noticias\/novedades-audio-technica-iberia-bitam-2017\/#primaryimage\"},\"thumbnailUrl\":\"\/app\/uploads\/sites\/2\/NdP-BITAM-2017-Pre-Logo_banner.jpg\",\"keywords\":[\"BITAM\",\"broadcast\",\"FERIAS\",\"STUDIOS\"],\"articleSection\":[\"Eventos\"],\"inLanguage\":\"es\"},{\"@type\":\"WebPage\",\"@id\":\"https:\/\/distribution.audio-technica.eu\/es-es\/noticias\/novedades-audio-technica-iberia-bitam-2017\/\",\"url\":\"https:\/\/distribution.audio-technica.eu\/es-es\/noticias\/novedades-audio-technica-iberia-bitam-2017\/\",\"name\":\"Novedades de Audio-Technica Iberia en BITAM 2017 - Audio-Technica Iberia\",\"isPartOf\":{\"@id\":\"https:\/\/distribution.audio-technica.eu\/es-es\/#website\"},\"primaryImageOfPage\":{\"@id\":\"https:\/\/distribution.audio-technica.eu\/es-es\/noticias\/novedades-audio-technica-iberia-bitam-2017\/#primaryimage\"},\"image\":{\"@id\":\"https:\/\/distribution.audio-technica.eu\/es-es\/noticias\/novedades-audio-technica-iberia-bitam-2017\/#primaryimage\"},\"thumbnailUrl\":\"\/app\/uploads\/sites\/2\/NdP-BITAM-2017-Pre-Logo_banner.jpg\",\"datePublished\":\"2017-11-02T09:00:56+00:00\",\"dateModified\":\"2023-10-17T16:34:54+00:00\",\"author\":{\"@id\":\"https:\/\/distribution.audio-technica.eu\/es-es\/#\/schema\/person\/e8e715e047e33cc425e816f59cbd9b80\"},\"breadcrumb\":{\"@id\":\"https:\/\/distribution.audio-technica.eu\/es-es\/noticias\/novedades-audio-technica-iberia-bitam-2017\/#breadcrumb\"},\"inLanguage\":\"es\",\"potentialAction\":[{\"@type\":\"ReadAction\",\"target\":[\"https:\/\/distribution.audio-technica.eu\/es-es\/noticias\/novedades-audio-technica-iberia-bitam-2017\/\"]}]},{\"@type\":\"ImageObject\",\"inLanguage\":\"es\",\"@id\":\"https:\/\/distribution.audio-technica.eu\/es-es\/noticias\/novedades-audio-technica-iberia-bitam-2017\/#primaryimage\",\"url\":\"\/app\/uploads\/sites\/2\/NdP-BITAM-2017-Pre-Logo_banner.jpg\",\"contentUrl\":\"\/app\/uploads\/sites\/2\/NdP-BITAM-2017-Pre-Logo_banner.jpg\",\"width\":600,\"height\":255,\"caption\":\"Novedades de Audio-Technica Iberia en BITAM 2017\"},{\"@type\":\"BreadcrumbList\",\"@id\":\"https:\/\/distribution.audio-technica.eu\/es-es\/noticias\/novedades-audio-technica-iberia-bitam-2017\/#breadcrumb\",\"itemListElement\":[{\"@type\":\"ListItem\",\"position\":1,\"name\":\"Products\",\"item\":\"https:\/\/distribution.audio-technica.eu\/es-es\/\"},{\"@type\":\"ListItem\",\"position\":2,\"name\":\"Novedades de Audio-Technica Iberia en BITAM 2017\"}]},{\"@type\":\"WebSite\",\"@id\":\"https:\/\/distribution.audio-technica.eu\/es-es\/#website\",\"url\":\"https:\/\/distribution.audio-technica.eu\/es-es\/\",\"name\":\"Audio-Technica Iberia\",\"description\":\"Distribuci\u00f3n\",\"potentialAction\":[{\"@type\":\"SearchAction\",\"target\":{\"@type\":\"EntryPoint\",\"urlTemplate\":\"https:\/\/distribution.audio-technica.eu\/es-es\/?s={search_term_string}\"},\"query-input\":{\"@type\":\"PropertyValueSpecification\",\"valueRequired\":true,\"valueName\":\"search_term_string\"}}],\"inLanguage\":\"es\"},{\"@type\":\"Person\",\"@id\":\"https:\/\/distribution.audio-technica.eu\/es-es\/#\/schema\/person\/e8e715e047e33cc425e816f59cbd9b80\",\"name\":\"Audio-Technica\"}]}<\/script>\n<!-- \/ Yoast SEO plugin. -->","yoast_head_json":{"title":"Novedades de Audio-Technica Iberia en BITAM 2017 - Audio-Technica Iberia","robots":{"index":"index","follow":"follow","max-snippet":"max-snippet:-1","max-image-preview":"max-image-preview:large","max-video-preview":"max-video-preview:-1"},"canonical":"https:\/\/distribution.audio-technica.eu\/es-es\/noticias\/novedades-audio-technica-iberia-bitam-2017\/","og_locale":"es_ES","og_type":"article","og_title":"Novedades de Audio-Technica Iberia en BITAM 2017","og_description":"Audio-Technica Iberia presentar\u00e1 en su stand todas sus novedades como fabricante de Audio-Technica y las de sus marcas distribuidas en Espa\u00f1a para el sector Broadcast: Allen &amp; Heath, Genelec y Audient. Esta feria tendr\u00e1 lugar en el Pabell\u00f3n de Cristal del Recinto Ferial de la Casa de Campo de Madrid durante los d\u00edas 21-22 y [&hellip;]","og_url":"https:\/\/distribution.audio-technica.eu\/es-es\/noticias\/novedades-audio-technica-iberia-bitam-2017\/","og_site_name":"Audio-Technica Iberia","article_published_time":"2017-11-02T09:00:56+00:00","article_modified_time":"2023-10-17T16:34:54+00:00","og_image":[{"width":600,"height":255,"url":"https:\/\/distribution.audio-technica.eu\/app\/uploads\/sites\/2\/NdP-BITAM-2017-Pre-Logo_banner.jpg","type":"image\/jpeg"}],"author":"Audio-Technica","twitter_card":"summary_large_image","twitter_misc":{"Escrito por":"Audio-Technica","Tiempo de lectura":"5 minutos"},"schema":{"@context":"https:\/\/schema.org","@graph":[{"@type":"Article","@id":"https:\/\/distribution.audio-technica.eu\/es-es\/noticias\/novedades-audio-technica-iberia-bitam-2017\/#article","isPartOf":{"@id":"https:\/\/distribution.audio-technica.eu\/es-es\/noticias\/novedades-audio-technica-iberia-bitam-2017\/"},"author":{"name":"Audio-Technica","@id":"https:\/\/distribution.audio-technica.eu\/es-es\/#\/schema\/person\/e8e715e047e33cc425e816f59cbd9b80"},"headline":"Novedades de Audio-Technica Iberia en BITAM 2017","datePublished":"2017-11-02T09:00:56+00:00","dateModified":"2023-10-17T16:34:54+00:00","mainEntityOfPage":{"@id":"https:\/\/distribution.audio-technica.eu\/es-es\/noticias\/novedades-audio-technica-iberia-bitam-2017\/"},"wordCount":961,"image":{"@id":"https:\/\/distribution.audio-technica.eu\/es-es\/noticias\/novedades-audio-technica-iberia-bitam-2017\/#primaryimage"},"thumbnailUrl":"\/app\/uploads\/sites\/2\/NdP-BITAM-2017-Pre-Logo_banner.jpg","keywords":["BITAM","broadcast","FERIAS","STUDIOS"],"articleSection":["Eventos"],"inLanguage":"es"},{"@type":"WebPage","@id":"https:\/\/distribution.audio-technica.eu\/es-es\/noticias\/novedades-audio-technica-iberia-bitam-2017\/","url":"https:\/\/distribution.audio-technica.eu\/es-es\/noticias\/novedades-audio-technica-iberia-bitam-2017\/","name":"Novedades de Audio-Technica Iberia en BITAM 2017 - Audio-Technica Iberia","isPartOf":{"@id":"https:\/\/distribution.audio-technica.eu\/es-es\/#website"},"primaryImageOfPage":{"@id":"https:\/\/distribution.audio-technica.eu\/es-es\/noticias\/novedades-audio-technica-iberia-bitam-2017\/#primaryimage"},"image":{"@id":"https:\/\/distribution.audio-technica.eu\/es-es\/noticias\/novedades-audio-technica-iberia-bitam-2017\/#primaryimage"},"thumbnailUrl":"\/app\/uploads\/sites\/2\/NdP-BITAM-2017-Pre-Logo_banner.jpg","datePublished":"2017-11-02T09:00:56+00:00","dateModified":"2023-10-17T16:34:54+00:00","author":{"@id":"https:\/\/distribution.audio-technica.eu\/es-es\/#\/schema\/person\/e8e715e047e33cc425e816f59cbd9b80"},"breadcrumb":{"@id":"https:\/\/distribution.audio-technica.eu\/es-es\/noticias\/novedades-audio-technica-iberia-bitam-2017\/#breadcrumb"},"inLanguage":"es","potentialAction":[{"@type":"ReadAction","target":["https:\/\/distribution.audio-technica.eu\/es-es\/noticias\/novedades-audio-technica-iberia-bitam-2017\/"]}]},{"@type":"ImageObject","inLanguage":"es","@id":"https:\/\/distribution.audio-technica.eu\/es-es\/noticias\/novedades-audio-technica-iberia-bitam-2017\/#primaryimage","url":"\/app\/uploads\/sites\/2\/NdP-BITAM-2017-Pre-Logo_banner.jpg","contentUrl":"\/app\/uploads\/sites\/2\/NdP-BITAM-2017-Pre-Logo_banner.jpg","width":600,"height":255,"caption":"Novedades de Audio-Technica Iberia en BITAM 2017"},{"@type":"BreadcrumbList","@id":"https:\/\/distribution.audio-technica.eu\/es-es\/noticias\/novedades-audio-technica-iberia-bitam-2017\/#breadcrumb","itemListElement":[{"@type":"ListItem","position":1,"name":"Products","item":"https:\/\/distribution.audio-technica.eu\/es-es\/"},{"@type":"ListItem","position":2,"name":"Novedades de Audio-Technica Iberia en BITAM 2017"}]},{"@type":"WebSite","@id":"https:\/\/distribution.audio-technica.eu\/es-es\/#website","url":"https:\/\/distribution.audio-technica.eu\/es-es\/","name":"Audio-Technica Iberia","description":"Distribuci\u00f3n","potentialAction":[{"@type":"SearchAction","target":{"@type":"EntryPoint","urlTemplate":"https:\/\/distribution.audio-technica.eu\/es-es\/?s={search_term_string}"},"query-input":{"@type":"PropertyValueSpecification","valueRequired":true,"valueName":"search_term_string"}}],"inLanguage":"es"},{"@type":"Person","@id":"https:\/\/distribution.audio-technica.eu\/es-es\/#\/schema\/person\/e8e715e047e33cc425e816f59cbd9b80","name":"Audio-Technica"}]}},"_links":{"self":[{"href":"https:\/\/distribution.audio-technica.eu\/es-es\/wp-json\/wp\/v2\/posts\/9299","targetHints":{"allow":["GET"]}}],"collection":[{"href":"https:\/\/distribution.audio-technica.eu\/es-es\/wp-json\/wp\/v2\/posts"}],"about":[{"href":"https:\/\/distribution.audio-technica.eu\/es-es\/wp-json\/wp\/v2\/types\/post"}],"author":[{"embeddable":true,"href":"https:\/\/distribution.audio-technica.eu\/es-es\/wp-json\/wp\/v2\/users\/1"}],"replies":[{"embeddable":true,"href":"https:\/\/distribution.audio-technica.eu\/es-es\/wp-json\/wp\/v2\/comments?post=9299"}],"version-history":[{"count":2,"href":"https:\/\/distribution.audio-technica.eu\/es-es\/wp-json\/wp\/v2\/posts\/9299\/revisions"}],"predecessor-version":[{"id":27149,"href":"https:\/\/distribution.audio-technica.eu\/es-es\/wp-json\/wp\/v2\/posts\/9299\/revisions\/27149"}],"wp:featuredmedia":[{"embeddable":true,"href":"https:\/\/distribution.audio-technica.eu\/es-es\/wp-json\/wp\/v2\/media\/1873"}],"wp:attachment":[{"href":"https:\/\/distribution.audio-technica.eu\/es-es\/wp-json\/wp\/v2\/media?parent=9299"}],"wp:term":[{"taxonomy":"category","embeddable":true,"href":"https:\/\/distribution.audio-technica.eu\/es-es\/wp-json\/wp\/v2\/categories?post=9299"},{"taxonomy":"post_tag","embeddable":true,"href":"https:\/\/distribution.audio-technica.eu\/es-es\/wp-json\/wp\/v2\/tags?post=9299"}],"curies":[{"name":"wp","href":"https:\/\/api.w.org\/{rel}","templated":true}]}}