{"id":9312,"date":"2018-04-18T16:26:54","date_gmt":"2018-04-18T14:26:54","guid":{"rendered":"http:\/\/noticias.audio-technica.es\/?p=2428"},"modified":"2023-07-31T11:00:15","modified_gmt":"2023-07-31T09:00:15","slug":"serie-tx2-alto-professional","status":"publish","type":"post","link":"https:\/\/distribution.audio-technica.eu\/es-es\/noticias\/serie-tx2-alto-professional\/","title":{"rendered":"Serie TX2 de Alto Professional, nueva serie de recintos autoamplificados"},"content":{"rendered":"<h2>Sonido potente e impecable, un estilo elegante, y una bocina de nuevo dise\u00f1o que mejora su cobertura, son las se\u00f1as de identidad de esta nueva serie de altavoces autoamplificados capaces de afrontar con \u00e9xito cualquier situaci\u00f3n.<\/h2>\n<p><a href=\"https:\/\/distribution.audio-technica.eu\/es\/wp-content\/uploads\/sites\/2\/NdP-Alto-TX2-Series-Family-Portrait.png\"><img loading=\"lazy\" decoding=\"async\" class=\"alignnone wp-image-6919 size-full\" src=\"\/es\/wp-content\/uploads\/sites\/2\/NdP-Alto-TX2-Series-Family-Portrait.png\" alt=\"Serie TX2 de Alto Professional, nueva serie de recintos autoamplificados\" width=\"870\" height=\"443\" srcset=\"https:\/\/distribution.audio-technica.eu\/app\/uploads\/sites\/2\/NdP-Alto-TX2-Series-Family-Portrait.png 870w, https:\/\/distribution.audio-technica.eu\/app\/uploads\/sites\/2\/NdP-Alto-TX2-Series-Family-Portrait-300x153.png 300w, https:\/\/distribution.audio-technica.eu\/app\/uploads\/sites\/2\/NdP-Alto-TX2-Series-Family-Portrait-768x391.png 768w, https:\/\/distribution.audio-technica.eu\/app\/uploads\/sites\/2\/NdP-Alto-TX2-Series-Family-Portrait-200x102.png 200w, https:\/\/distribution.audio-technica.eu\/app\/uploads\/sites\/2\/NdP-Alto-TX2-Series-Family-Portrait-400x204.png 400w, https:\/\/distribution.audio-technica.eu\/app\/uploads\/sites\/2\/NdP-Alto-TX2-Series-Family-Portrait-600x306.png 600w, https:\/\/distribution.audio-technica.eu\/app\/uploads\/sites\/2\/NdP-Alto-TX2-Series-Family-Portrait-800x407.png 800w\" sizes=\"auto, (max-width: 870px) 100vw, 870px\" \/><\/a><\/p>\n<p>Inspirada en la serie Truesonic, la <a href=\"https:\/\/distribution.audio-technica.eu\/es\/product-category\/alto-professional\/por-series-alto-professional\/serie-tx2\/\">Serie TX2<\/a> proporciona un sonido potente e impecable, combinado con un estilo elegante. El dise\u00f1o de su nueva bocina proporciona una radiaci\u00f3n m\u00e1s amplia que consigue una perfecta cobertura de la audiencia, y su rejilla completa, no solo le proporciona un aspecto fant\u00e1stico, sino que \u2013m\u00e1s importante- protege eficazmente a los transductores. TX2 es la elecci\u00f3n perfecta para cualquier situaci\u00f3n.<\/p>\n<p>La serie incluye modelos equipados con transductores LF de 8\u201d, 10\u201d, 12\u201d y 15\u201d, combinados en todos los casos con un transductor de compresi\u00f3n de 1\u201d con diafragma de titanio. Los modelos de 8\u201d y 10\u201d ofrecen una potencia de 300 W pico, 150 W continuos, mientras que los de 12\u201d y 15\u201d proporcionan 600 W pico, 300 W continuos.<\/p>\n<p>Los nuevos recintos TX2 incorporan tambi\u00e9n un crossover de precisi\u00f3n y EQ, as\u00ed como entrada balanceada micro\/l\u00ednea a trav\u00e9s de XLR, salida Link (que permite encadenar varias unidades) y control de volumen. Incorporan un eficaz sistema de protecci\u00f3n formado por limitador anal\u00f3gico y circuiter\u00eda de protecci\u00f3n integrada.<\/p>\n<p>Su bocina, de nuevo dise\u00f1o, ha sido optimizada para ofrecer una mayor cobertura (90\u00b0 H x 60\u00b0 V), y cuenta con una rejilla completa, de elegante dise\u00f1o, que ofrece una eficaz protecci\u00f3n de los transductores.<\/p>\n<p><a href=\"https:\/\/distribution.audio-technica.eu\/es\/product-category\/alto-professional\/por-series-alto-professional\/serie-tx2\/\">M\u00e1s informaci\u00f3n sobre la Serie TX2 de Alto Profesional<\/a><\/p>\n<p>[fusion_youtube id=\u00bbhttps:\/\/youtu.be\/hdRxzP-C2S0&#8243; alignment=\u00bb\u00bb width=\u00bb800&#8243; height=\u00bb\u00bb autoplay=\u00bbfalse\u00bb api_params=\u00bb\u00bb hide_on_mobile=\u00bbsmall-visibility,medium-visibility,large-visibility\u00bb class=\u00bb\u00bb][\/fusion_youtube]<\/p>\n","protected":false},"excerpt":{"rendered":"<p>Sonido potente e impecable, un estilo elegante, y una bocina de nuevo dise\u00f1o que mejora su cobertura, son las se\u00f1as de identidad de esta nueva serie de altavoces autoamplificados capaces de afrontar con \u00e9xito cualquier situaci\u00f3n. Inspirada en la serie Truesonic, la Serie TX2 proporciona un sonido potente e impecable, combinado con un estilo elegante. [&hellip;]<\/p>\n","protected":false},"author":1,"featured_media":6917,"comment_status":"closed","ping_status":"closed","sticky":false,"template":"","format":"standard","meta":{"_acf_changed":false,"footnotes":""},"categories":[2456],"tags":[1895,1579,1553,1633,1896],"class_list":["post-9312","post","type-post","status-publish","format-standard","has-post-thumbnail","hentry","category-novedades","tag-autoamplificados","tag-directo","tag-instalacion","tag-recintos","tag-tx2"],"acf":[],"yoast_head":"<!-- This site is optimized with the Yoast SEO plugin v27.1.1 - https:\/\/yoast.com\/product\/yoast-seo-wordpress\/ -->\n<title>Serie TX2 de Alto Professional, nueva serie de recintos autoamplificados - Audio-Technica Iberia<\/title>\n<meta name=\"robots\" content=\"index, follow, max-snippet:-1, max-image-preview:large, max-video-preview:-1\" \/>\n<link rel=\"canonical\" href=\"https:\/\/distribution.audio-technica.eu\/es-es\/noticias\/serie-tx2-alto-professional\/\" \/>\n<meta property=\"og:locale\" content=\"es_ES\" \/>\n<meta property=\"og:type\" content=\"article\" \/>\n<meta property=\"og:title\" content=\"Serie TX2 de Alto Professional, nueva serie de recintos autoamplificados - Audio-Technica Iberia\" \/>\n<meta property=\"og:description\" content=\"Sonido potente e impecable, un estilo elegante, y una bocina de nuevo dise\u00f1o que mejora su cobertura, son las se\u00f1as de identidad de esta nueva serie de altavoces autoamplificados capaces de afrontar con \u00e9xito cualquier situaci\u00f3n. Inspirada en la serie Truesonic, la Serie TX2 proporciona un sonido potente e impecable, combinado con un estilo elegante. [&hellip;]\" \/>\n<meta property=\"og:url\" content=\"https:\/\/distribution.audio-technica.eu\/es-es\/noticias\/serie-tx2-alto-professional\/\" \/>\n<meta property=\"og:site_name\" content=\"Audio-Technica Iberia\" \/>\n<meta property=\"article:published_time\" content=\"2018-04-18T14:26:54+00:00\" \/>\n<meta property=\"article:modified_time\" content=\"2023-07-31T09:00:15+00:00\" \/>\n<meta property=\"og:image\" content=\"https:\/\/distribution.audio-technica.eu\/app\/uploads\/sites\/2\/banner_TX2.jpg\" \/>\n\t<meta property=\"og:image:width\" content=\"640\" \/>\n\t<meta property=\"og:image:height\" content=\"360\" \/>\n\t<meta property=\"og:image:type\" content=\"image\/jpeg\" \/>\n<meta name=\"author\" content=\"Audio-Technica\" \/>\n<meta name=\"twitter:card\" content=\"summary_large_image\" \/>\n<meta name=\"twitter:label1\" content=\"Escrito por\" \/>\n\t<meta name=\"twitter:data1\" content=\"Audio-Technica\" \/>\n\t<meta name=\"twitter:label2\" content=\"Tiempo de lectura\" \/>\n\t<meta name=\"twitter:data2\" content=\"1 minuto\" \/>\n<script type=\"application\/ld+json\" class=\"yoast-schema-graph\">{\"@context\":\"https:\/\/schema.org\",\"@graph\":[{\"@type\":\"Article\",\"@id\":\"https:\/\/distribution.audio-technica.eu\/es-es\/noticias\/serie-tx2-alto-professional\/#article\",\"isPartOf\":{\"@id\":\"https:\/\/distribution.audio-technica.eu\/es-es\/noticias\/serie-tx2-alto-professional\/\"},\"author\":{\"name\":\"Audio-Technica\",\"@id\":\"https:\/\/distribution.audio-technica.eu\/es-es\/#\/schema\/person\/e8e715e047e33cc425e816f59cbd9b80\"},\"headline\":\"Serie TX2 de Alto Professional, nueva serie de recintos autoamplificados\",\"datePublished\":\"2018-04-18T14:26:54+00:00\",\"dateModified\":\"2023-07-31T09:00:15+00:00\",\"mainEntityOfPage\":{\"@id\":\"https:\/\/distribution.audio-technica.eu\/es-es\/noticias\/serie-tx2-alto-professional\/\"},\"wordCount\":297,\"image\":{\"@id\":\"https:\/\/distribution.audio-technica.eu\/es-es\/noticias\/serie-tx2-alto-professional\/#primaryimage\"},\"thumbnailUrl\":\"\/app\/uploads\/sites\/2\/banner_TX2.jpg\",\"keywords\":[\"autoamplificados\",\"directo\",\"Instalaci\u00f3n\",\"recintos\",\"TX2\"],\"articleSection\":[\"Novedades\"],\"inLanguage\":\"es\"},{\"@type\":\"WebPage\",\"@id\":\"https:\/\/distribution.audio-technica.eu\/es-es\/noticias\/serie-tx2-alto-professional\/\",\"url\":\"https:\/\/distribution.audio-technica.eu\/es-es\/noticias\/serie-tx2-alto-professional\/\",\"name\":\"Serie TX2 de Alto Professional, nueva serie de recintos autoamplificados - Audio-Technica Iberia\",\"isPartOf\":{\"@id\":\"https:\/\/distribution.audio-technica.eu\/es-es\/#website\"},\"primaryImageOfPage\":{\"@id\":\"https:\/\/distribution.audio-technica.eu\/es-es\/noticias\/serie-tx2-alto-professional\/#primaryimage\"},\"image\":{\"@id\":\"https:\/\/distribution.audio-technica.eu\/es-es\/noticias\/serie-tx2-alto-professional\/#primaryimage\"},\"thumbnailUrl\":\"\/app\/uploads\/sites\/2\/banner_TX2.jpg\",\"datePublished\":\"2018-04-18T14:26:54+00:00\",\"dateModified\":\"2023-07-31T09:00:15+00:00\",\"author\":{\"@id\":\"https:\/\/distribution.audio-technica.eu\/es-es\/#\/schema\/person\/e8e715e047e33cc425e816f59cbd9b80\"},\"breadcrumb\":{\"@id\":\"https:\/\/distribution.audio-technica.eu\/es-es\/noticias\/serie-tx2-alto-professional\/#breadcrumb\"},\"inLanguage\":\"es\",\"potentialAction\":[{\"@type\":\"ReadAction\",\"target\":[\"https:\/\/distribution.audio-technica.eu\/es-es\/noticias\/serie-tx2-alto-professional\/\"]}]},{\"@type\":\"ImageObject\",\"inLanguage\":\"es\",\"@id\":\"https:\/\/distribution.audio-technica.eu\/es-es\/noticias\/serie-tx2-alto-professional\/#primaryimage\",\"url\":\"\/app\/uploads\/sites\/2\/banner_TX2.jpg\",\"contentUrl\":\"\/app\/uploads\/sites\/2\/banner_TX2.jpg\",\"width\":640,\"height\":360,\"caption\":\"Serie TX2 de Alto Professional, nueva serie de recintos autoamplificados\"},{\"@type\":\"BreadcrumbList\",\"@id\":\"https:\/\/distribution.audio-technica.eu\/es-es\/noticias\/serie-tx2-alto-professional\/#breadcrumb\",\"itemListElement\":[{\"@type\":\"ListItem\",\"position\":1,\"name\":\"Products\",\"item\":\"https:\/\/distribution.audio-technica.eu\/es-es\/\"},{\"@type\":\"ListItem\",\"position\":2,\"name\":\"Serie TX2 de Alto Professional, nueva serie de recintos autoamplificados\"}]},{\"@type\":\"WebSite\",\"@id\":\"https:\/\/distribution.audio-technica.eu\/es-es\/#website\",\"url\":\"https:\/\/distribution.audio-technica.eu\/es-es\/\",\"name\":\"Audio-Technica Iberia\",\"description\":\"Distribuci\u00f3n\",\"potentialAction\":[{\"@type\":\"SearchAction\",\"target\":{\"@type\":\"EntryPoint\",\"urlTemplate\":\"https:\/\/distribution.audio-technica.eu\/es-es\/?s={search_term_string}\"},\"query-input\":{\"@type\":\"PropertyValueSpecification\",\"valueRequired\":true,\"valueName\":\"search_term_string\"}}],\"inLanguage\":\"es\"},{\"@type\":\"Person\",\"@id\":\"https:\/\/distribution.audio-technica.eu\/es-es\/#\/schema\/person\/e8e715e047e33cc425e816f59cbd9b80\",\"name\":\"Audio-Technica\"}]}<\/script>\n<!-- \/ Yoast SEO plugin. -->","yoast_head_json":{"title":"Serie TX2 de Alto Professional, nueva serie de recintos autoamplificados - Audio-Technica Iberia","robots":{"index":"index","follow":"follow","max-snippet":"max-snippet:-1","max-image-preview":"max-image-preview:large","max-video-preview":"max-video-preview:-1"},"canonical":"https:\/\/distribution.audio-technica.eu\/es-es\/noticias\/serie-tx2-alto-professional\/","og_locale":"es_ES","og_type":"article","og_title":"Serie TX2 de Alto Professional, nueva serie de recintos autoamplificados - Audio-Technica Iberia","og_description":"Sonido potente e impecable, un estilo elegante, y una bocina de nuevo dise\u00f1o que mejora su cobertura, son las se\u00f1as de identidad de esta nueva serie de altavoces autoamplificados capaces de afrontar con \u00e9xito cualquier situaci\u00f3n. Inspirada en la serie Truesonic, la Serie TX2 proporciona un sonido potente e impecable, combinado con un estilo elegante. [&hellip;]","og_url":"https:\/\/distribution.audio-technica.eu\/es-es\/noticias\/serie-tx2-alto-professional\/","og_site_name":"Audio-Technica Iberia","article_published_time":"2018-04-18T14:26:54+00:00","article_modified_time":"2023-07-31T09:00:15+00:00","og_image":[{"width":640,"height":360,"url":"https:\/\/distribution.audio-technica.eu\/app\/uploads\/sites\/2\/banner_TX2.jpg","type":"image\/jpeg"}],"author":"Audio-Technica","twitter_card":"summary_large_image","twitter_misc":{"Escrito por":"Audio-Technica","Tiempo de lectura":"1 minuto"},"schema":{"@context":"https:\/\/schema.org","@graph":[{"@type":"Article","@id":"https:\/\/distribution.audio-technica.eu\/es-es\/noticias\/serie-tx2-alto-professional\/#article","isPartOf":{"@id":"https:\/\/distribution.audio-technica.eu\/es-es\/noticias\/serie-tx2-alto-professional\/"},"author":{"name":"Audio-Technica","@id":"https:\/\/distribution.audio-technica.eu\/es-es\/#\/schema\/person\/e8e715e047e33cc425e816f59cbd9b80"},"headline":"Serie TX2 de Alto Professional, nueva serie de recintos autoamplificados","datePublished":"2018-04-18T14:26:54+00:00","dateModified":"2023-07-31T09:00:15+00:00","mainEntityOfPage":{"@id":"https:\/\/distribution.audio-technica.eu\/es-es\/noticias\/serie-tx2-alto-professional\/"},"wordCount":297,"image":{"@id":"https:\/\/distribution.audio-technica.eu\/es-es\/noticias\/serie-tx2-alto-professional\/#primaryimage"},"thumbnailUrl":"\/app\/uploads\/sites\/2\/banner_TX2.jpg","keywords":["autoamplificados","directo","Instalaci\u00f3n","recintos","TX2"],"articleSection":["Novedades"],"inLanguage":"es"},{"@type":"WebPage","@id":"https:\/\/distribution.audio-technica.eu\/es-es\/noticias\/serie-tx2-alto-professional\/","url":"https:\/\/distribution.audio-technica.eu\/es-es\/noticias\/serie-tx2-alto-professional\/","name":"Serie TX2 de Alto Professional, nueva serie de recintos autoamplificados - Audio-Technica Iberia","isPartOf":{"@id":"https:\/\/distribution.audio-technica.eu\/es-es\/#website"},"primaryImageOfPage":{"@id":"https:\/\/distribution.audio-technica.eu\/es-es\/noticias\/serie-tx2-alto-professional\/#primaryimage"},"image":{"@id":"https:\/\/distribution.audio-technica.eu\/es-es\/noticias\/serie-tx2-alto-professional\/#primaryimage"},"thumbnailUrl":"\/app\/uploads\/sites\/2\/banner_TX2.jpg","datePublished":"2018-04-18T14:26:54+00:00","dateModified":"2023-07-31T09:00:15+00:00","author":{"@id":"https:\/\/distribution.audio-technica.eu\/es-es\/#\/schema\/person\/e8e715e047e33cc425e816f59cbd9b80"},"breadcrumb":{"@id":"https:\/\/distribution.audio-technica.eu\/es-es\/noticias\/serie-tx2-alto-professional\/#breadcrumb"},"inLanguage":"es","potentialAction":[{"@type":"ReadAction","target":["https:\/\/distribution.audio-technica.eu\/es-es\/noticias\/serie-tx2-alto-professional\/"]}]},{"@type":"ImageObject","inLanguage":"es","@id":"https:\/\/distribution.audio-technica.eu\/es-es\/noticias\/serie-tx2-alto-professional\/#primaryimage","url":"\/app\/uploads\/sites\/2\/banner_TX2.jpg","contentUrl":"\/app\/uploads\/sites\/2\/banner_TX2.jpg","width":640,"height":360,"caption":"Serie TX2 de Alto Professional, nueva serie de recintos autoamplificados"},{"@type":"BreadcrumbList","@id":"https:\/\/distribution.audio-technica.eu\/es-es\/noticias\/serie-tx2-alto-professional\/#breadcrumb","itemListElement":[{"@type":"ListItem","position":1,"name":"Products","item":"https:\/\/distribution.audio-technica.eu\/es-es\/"},{"@type":"ListItem","position":2,"name":"Serie TX2 de Alto Professional, nueva serie de recintos autoamplificados"}]},{"@type":"WebSite","@id":"https:\/\/distribution.audio-technica.eu\/es-es\/#website","url":"https:\/\/distribution.audio-technica.eu\/es-es\/","name":"Audio-Technica Iberia","description":"Distribuci\u00f3n","potentialAction":[{"@type":"SearchAction","target":{"@type":"EntryPoint","urlTemplate":"https:\/\/distribution.audio-technica.eu\/es-es\/?s={search_term_string}"},"query-input":{"@type":"PropertyValueSpecification","valueRequired":true,"valueName":"search_term_string"}}],"inLanguage":"es"},{"@type":"Person","@id":"https:\/\/distribution.audio-technica.eu\/es-es\/#\/schema\/person\/e8e715e047e33cc425e816f59cbd9b80","name":"Audio-Technica"}]}},"_links":{"self":[{"href":"https:\/\/distribution.audio-technica.eu\/es-es\/wp-json\/wp\/v2\/posts\/9312","targetHints":{"allow":["GET"]}}],"collection":[{"href":"https:\/\/distribution.audio-technica.eu\/es-es\/wp-json\/wp\/v2\/posts"}],"about":[{"href":"https:\/\/distribution.audio-technica.eu\/es-es\/wp-json\/wp\/v2\/types\/post"}],"author":[{"embeddable":true,"href":"https:\/\/distribution.audio-technica.eu\/es-es\/wp-json\/wp\/v2\/users\/1"}],"replies":[{"embeddable":true,"href":"https:\/\/distribution.audio-technica.eu\/es-es\/wp-json\/wp\/v2\/comments?post=9312"}],"version-history":[{"count":3,"href":"https:\/\/distribution.audio-technica.eu\/es-es\/wp-json\/wp\/v2\/posts\/9312\/revisions"}],"predecessor-version":[{"id":16120,"href":"https:\/\/distribution.audio-technica.eu\/es-es\/wp-json\/wp\/v2\/posts\/9312\/revisions\/16120"}],"wp:featuredmedia":[{"embeddable":true,"href":"https:\/\/distribution.audio-technica.eu\/es-es\/wp-json\/wp\/v2\/media\/6917"}],"wp:attachment":[{"href":"https:\/\/distribution.audio-technica.eu\/es-es\/wp-json\/wp\/v2\/media?parent=9312"}],"wp:term":[{"taxonomy":"category","embeddable":true,"href":"https:\/\/distribution.audio-technica.eu\/es-es\/wp-json\/wp\/v2\/categories?post=9312"},{"taxonomy":"post_tag","embeddable":true,"href":"https:\/\/distribution.audio-technica.eu\/es-es\/wp-json\/wp\/v2\/tags?post=9312"}],"curies":[{"name":"wp","href":"https:\/\/api.w.org\/{rel}","templated":true}]}}