{"id":9313,"date":"2018-04-18T16:31:19","date_gmt":"2018-04-18T14:31:19","guid":{"rendered":"http:\/\/noticias.audio-technica.es\/?p=2430"},"modified":"2023-07-31T11:00:04","modified_gmt":"2023-07-31T09:00:04","slug":"alto-professional-presenta-serie-ts3","status":"publish","type":"post","link":"https:\/\/distribution.audio-technica.eu\/es-es\/noticias\/alto-professional-presenta-serie-ts3\/","title":{"rendered":"Alto Professional presenta los nuevos recintos autoamplificados de la Serie TS3"},"content":{"rendered":"<h2>Alto Professional acaba de anunciar el lanzamiento de la nueva serie de recintos ac\u00fasticos autoamplificados TS3. Un nuevo dise\u00f1o que incorpora impresionantes prestaciones que los convierten en una soluci\u00f3n ligera, robusta y vers\u00e1til, con un sonido espectacular.<\/h2>\n<p><a href=\"https:\/\/distribution.audio-technica.eu\/es\/wp-content\/uploads\/sites\/2\/NdP-Alto-TS3-Series-Family-Portrait.png\"><img loading=\"lazy\" decoding=\"async\" class=\"alignnone wp-image-6918 size-full\" src=\"\/es\/wp-content\/uploads\/sites\/2\/NdP-Alto-TS3-Series-Family-Portrait.png\" alt=\"Alto Professional presenta los nuevos recintos autoamplificados de la Serie TS3\" width=\"871\" height=\"438\" srcset=\"https:\/\/distribution.audio-technica.eu\/app\/uploads\/sites\/2\/NdP-Alto-TS3-Series-Family-Portrait.png 871w, https:\/\/distribution.audio-technica.eu\/app\/uploads\/sites\/2\/NdP-Alto-TS3-Series-Family-Portrait-300x151.png 300w, https:\/\/distribution.audio-technica.eu\/app\/uploads\/sites\/2\/NdP-Alto-TS3-Series-Family-Portrait-768x386.png 768w, https:\/\/distribution.audio-technica.eu\/app\/uploads\/sites\/2\/NdP-Alto-TS3-Series-Family-Portrait-540x272.png 540w, https:\/\/distribution.audio-technica.eu\/app\/uploads\/sites\/2\/NdP-Alto-TS3-Series-Family-Portrait-200x101.png 200w, https:\/\/distribution.audio-technica.eu\/app\/uploads\/sites\/2\/NdP-Alto-TS3-Series-Family-Portrait-400x201.png 400w, https:\/\/distribution.audio-technica.eu\/app\/uploads\/sites\/2\/NdP-Alto-TS3-Series-Family-Portrait-600x302.png 600w, https:\/\/distribution.audio-technica.eu\/app\/uploads\/sites\/2\/NdP-Alto-TS3-Series-Family-Portrait-800x402.png 800w\" sizes=\"auto, (max-width: 871px) 100vw, 871px\" \/><\/a><\/p>\n<p>Los nuevos altavoces profesionales de la <a href=\"https:\/\/distribution.audio-technica.eu\/es\/product-category\/alto-professional\/por-series-alto-professional\/serie-truesonic-3\/\">Serie TS3<\/a> de Alto Professional proporcionan soluciones efectivas frente a cualquier reto de sonorizaci\u00f3n o instalaci\u00f3n. Con 2000 W de potencia biamplificada de alta calidad y equipados con transductores de nuevo dise\u00f1o, son capaces de proporcionar un sonido espectacular, sin compromisos ni restricciones. Su elegante dise\u00f1o, ligero pero robusto, su versatilidad en cuanto a montaje\/colocaci\u00f3n y su intuitivo interface de usuario ofrecen un nivel de excelencia y refinamiento que supera todas las expectativas.<\/p>\n<p>La serie incluye modelos equipados con transductores LF de 8\u201d, 10\u201d, 12\u201d y 15\u201d. Todos ellos incorporan tambi\u00e9n y un transductor HF de 1.4\u201d, equipado con im\u00e1n de neodimio, asociado un gu\u00eda ondas de precisi\u00f3n. Todos ellos utilizan la eficiente amplificaci\u00f3n en clase D.<\/p>\n<p>Los recintos de la nueva serie TS3 tambi\u00e9n est\u00e1n equipados con un mezclador de 2 canales con doble entrada micro\/l\u00ednea a trav\u00e9s de conectores XLR y \u00bc\u201d, controles independientes de nivel, salida Link a trav\u00e9s de XLR (lo que permite encadenar varias unidades) y conmutadores Contour EQ y de desconexi\u00f3n de tierra.<\/p>\n<p>Estos ligeros pero robustos recintos ac\u00fasticos ofrecen multitud de opciones de uso: pueden montarse en un m\u00e1stil, utilizarse como monitor tipo cu\u00f1a, instalarse en soporte, apilarse o suspenderse gracias a la presencia de puntos para su suspensi\u00f3n.<\/p>\n<p><a href=\"https:\/\/distribution.audio-technica.eu\/es\/product-category\/alto-professional\/por-series-alto-professional\/serie-truesonic-3\/\">M\u00e1s informaci\u00f3n sobre la Serie TS3 de Alto Profesional<\/a><\/p>\n<p>[fusion_youtube id=\u00bbhttps:\/\/youtu.be\/SW08D0VWU6I\u00bb alignment=\u00bbcenter\u00bb width=\u00bb800&#8243; height=\u00bb\u00bb autoplay=\u00bbfalse\u00bb api_params=\u00bb&amp;rel=0&#8243; hide_on_mobile=\u00bbsmall-visibility,medium-visibility,large-visibility\u00bb class=\u00bb\u00bb][\/fusion_youtube]<\/p>\n","protected":false},"excerpt":{"rendered":"<p>Alto Professional acaba de anunciar el lanzamiento de la nueva serie de recintos ac\u00fasticos autoamplificados TS3. Un nuevo dise\u00f1o que incorpora impresionantes prestaciones que los convierten en una soluci\u00f3n ligera, robusta y vers\u00e1til, con un sonido espectacular. Los nuevos altavoces profesionales de la Serie TS3 de Alto Professional proporcionan soluciones efectivas frente a cualquier reto [&hellip;]<\/p>\n","protected":false},"author":1,"featured_media":6920,"comment_status":"closed","ping_status":"closed","sticky":false,"template":"","format":"standard","meta":{"_acf_changed":false,"footnotes":""},"categories":[2456],"tags":[1895,1579,1553,1633,1897],"class_list":["post-9313","post","type-post","status-publish","format-standard","has-post-thumbnail","hentry","category-novedades","tag-autoamplificados","tag-directo","tag-instalacion","tag-recintos","tag-ts3"],"acf":[],"yoast_head":"<!-- This site is optimized with the Yoast SEO plugin v27.1.1 - https:\/\/yoast.com\/product\/yoast-seo-wordpress\/ -->\n<title>Alto Professional presenta los nuevos recintos autoamplificados de la Serie TS3 - Audio-Technica Iberia<\/title>\n<meta name=\"robots\" content=\"index, follow, max-snippet:-1, max-image-preview:large, max-video-preview:-1\" \/>\n<link rel=\"canonical\" href=\"https:\/\/distribution.audio-technica.eu\/es-es\/noticias\/alto-professional-presenta-serie-ts3\/\" \/>\n<meta property=\"og:locale\" content=\"es_ES\" \/>\n<meta property=\"og:type\" content=\"article\" \/>\n<meta property=\"og:title\" content=\"Alto Professional presenta los nuevos recintos autoamplificados de la Serie TS3 - Audio-Technica Iberia\" \/>\n<meta property=\"og:description\" content=\"Alto Professional acaba de anunciar el lanzamiento de la nueva serie de recintos ac\u00fasticos autoamplificados TS3. Un nuevo dise\u00f1o que incorpora impresionantes prestaciones que los convierten en una soluci\u00f3n ligera, robusta y vers\u00e1til, con un sonido espectacular. Los nuevos altavoces profesionales de la Serie TS3 de Alto Professional proporcionan soluciones efectivas frente a cualquier reto [&hellip;]\" \/>\n<meta property=\"og:url\" content=\"https:\/\/distribution.audio-technica.eu\/es-es\/noticias\/alto-professional-presenta-serie-ts3\/\" \/>\n<meta property=\"og:site_name\" content=\"Audio-Technica Iberia\" \/>\n<meta property=\"article:published_time\" content=\"2018-04-18T14:31:19+00:00\" \/>\n<meta property=\"article:modified_time\" content=\"2023-07-31T09:00:04+00:00\" \/>\n<meta property=\"og:image\" content=\"https:\/\/distribution.audio-technica.eu\/app\/uploads\/sites\/2\/banner_TS3.jpg\" \/>\n\t<meta property=\"og:image:width\" content=\"640\" \/>\n\t<meta property=\"og:image:height\" content=\"360\" \/>\n\t<meta property=\"og:image:type\" content=\"image\/jpeg\" \/>\n<meta name=\"author\" content=\"Audio-Technica\" \/>\n<meta name=\"twitter:card\" content=\"summary_large_image\" \/>\n<meta name=\"twitter:label1\" content=\"Escrito por\" \/>\n\t<meta name=\"twitter:data1\" content=\"Audio-Technica\" \/>\n\t<meta name=\"twitter:label2\" content=\"Tiempo de lectura\" \/>\n\t<meta name=\"twitter:data2\" content=\"2 minutos\" \/>\n<script type=\"application\/ld+json\" class=\"yoast-schema-graph\">{\"@context\":\"https:\/\/schema.org\",\"@graph\":[{\"@type\":\"Article\",\"@id\":\"https:\/\/distribution.audio-technica.eu\/es-es\/noticias\/alto-professional-presenta-serie-ts3\/#article\",\"isPartOf\":{\"@id\":\"https:\/\/distribution.audio-technica.eu\/es-es\/noticias\/alto-professional-presenta-serie-ts3\/\"},\"author\":{\"name\":\"Audio-Technica\",\"@id\":\"https:\/\/distribution.audio-technica.eu\/es-es\/#\/schema\/person\/e8e715e047e33cc425e816f59cbd9b80\"},\"headline\":\"Alto Professional presenta los nuevos recintos autoamplificados de la Serie TS3\",\"datePublished\":\"2018-04-18T14:31:19+00:00\",\"dateModified\":\"2023-07-31T09:00:04+00:00\",\"mainEntityOfPage\":{\"@id\":\"https:\/\/distribution.audio-technica.eu\/es-es\/noticias\/alto-professional-presenta-serie-ts3\/\"},\"wordCount\":318,\"image\":{\"@id\":\"https:\/\/distribution.audio-technica.eu\/es-es\/noticias\/alto-professional-presenta-serie-ts3\/#primaryimage\"},\"thumbnailUrl\":\"\/app\/uploads\/sites\/2\/banner_TS3.jpg\",\"keywords\":[\"autoamplificados\",\"directo\",\"Instalaci\u00f3n\",\"recintos\",\"TS3\"],\"articleSection\":[\"Novedades\"],\"inLanguage\":\"es\"},{\"@type\":\"WebPage\",\"@id\":\"https:\/\/distribution.audio-technica.eu\/es-es\/noticias\/alto-professional-presenta-serie-ts3\/\",\"url\":\"https:\/\/distribution.audio-technica.eu\/es-es\/noticias\/alto-professional-presenta-serie-ts3\/\",\"name\":\"Alto Professional presenta los nuevos recintos autoamplificados de la Serie TS3 - Audio-Technica Iberia\",\"isPartOf\":{\"@id\":\"https:\/\/distribution.audio-technica.eu\/es-es\/#website\"},\"primaryImageOfPage\":{\"@id\":\"https:\/\/distribution.audio-technica.eu\/es-es\/noticias\/alto-professional-presenta-serie-ts3\/#primaryimage\"},\"image\":{\"@id\":\"https:\/\/distribution.audio-technica.eu\/es-es\/noticias\/alto-professional-presenta-serie-ts3\/#primaryimage\"},\"thumbnailUrl\":\"\/app\/uploads\/sites\/2\/banner_TS3.jpg\",\"datePublished\":\"2018-04-18T14:31:19+00:00\",\"dateModified\":\"2023-07-31T09:00:04+00:00\",\"author\":{\"@id\":\"https:\/\/distribution.audio-technica.eu\/es-es\/#\/schema\/person\/e8e715e047e33cc425e816f59cbd9b80\"},\"breadcrumb\":{\"@id\":\"https:\/\/distribution.audio-technica.eu\/es-es\/noticias\/alto-professional-presenta-serie-ts3\/#breadcrumb\"},\"inLanguage\":\"es\",\"potentialAction\":[{\"@type\":\"ReadAction\",\"target\":[\"https:\/\/distribution.audio-technica.eu\/es-es\/noticias\/alto-professional-presenta-serie-ts3\/\"]}]},{\"@type\":\"ImageObject\",\"inLanguage\":\"es\",\"@id\":\"https:\/\/distribution.audio-technica.eu\/es-es\/noticias\/alto-professional-presenta-serie-ts3\/#primaryimage\",\"url\":\"\/app\/uploads\/sites\/2\/banner_TS3.jpg\",\"contentUrl\":\"\/app\/uploads\/sites\/2\/banner_TS3.jpg\",\"width\":640,\"height\":360,\"caption\":\"Alto Professional presenta los nuevos recintos autoamplificados de la Serie TS3\"},{\"@type\":\"BreadcrumbList\",\"@id\":\"https:\/\/distribution.audio-technica.eu\/es-es\/noticias\/alto-professional-presenta-serie-ts3\/#breadcrumb\",\"itemListElement\":[{\"@type\":\"ListItem\",\"position\":1,\"name\":\"Products\",\"item\":\"https:\/\/distribution.audio-technica.eu\/es-es\/\"},{\"@type\":\"ListItem\",\"position\":2,\"name\":\"Alto Professional presenta los nuevos recintos autoamplificados de la Serie TS3\"}]},{\"@type\":\"WebSite\",\"@id\":\"https:\/\/distribution.audio-technica.eu\/es-es\/#website\",\"url\":\"https:\/\/distribution.audio-technica.eu\/es-es\/\",\"name\":\"Audio-Technica Iberia\",\"description\":\"Distribuci\u00f3n\",\"potentialAction\":[{\"@type\":\"SearchAction\",\"target\":{\"@type\":\"EntryPoint\",\"urlTemplate\":\"https:\/\/distribution.audio-technica.eu\/es-es\/?s={search_term_string}\"},\"query-input\":{\"@type\":\"PropertyValueSpecification\",\"valueRequired\":true,\"valueName\":\"search_term_string\"}}],\"inLanguage\":\"es\"},{\"@type\":\"Person\",\"@id\":\"https:\/\/distribution.audio-technica.eu\/es-es\/#\/schema\/person\/e8e715e047e33cc425e816f59cbd9b80\",\"name\":\"Audio-Technica\"}]}<\/script>\n<!-- \/ Yoast SEO plugin. -->","yoast_head_json":{"title":"Alto Professional presenta los nuevos recintos autoamplificados de la Serie TS3 - Audio-Technica Iberia","robots":{"index":"index","follow":"follow","max-snippet":"max-snippet:-1","max-image-preview":"max-image-preview:large","max-video-preview":"max-video-preview:-1"},"canonical":"https:\/\/distribution.audio-technica.eu\/es-es\/noticias\/alto-professional-presenta-serie-ts3\/","og_locale":"es_ES","og_type":"article","og_title":"Alto Professional presenta los nuevos recintos autoamplificados de la Serie TS3 - Audio-Technica Iberia","og_description":"Alto Professional acaba de anunciar el lanzamiento de la nueva serie de recintos ac\u00fasticos autoamplificados TS3. Un nuevo dise\u00f1o que incorpora impresionantes prestaciones que los convierten en una soluci\u00f3n ligera, robusta y vers\u00e1til, con un sonido espectacular. Los nuevos altavoces profesionales de la Serie TS3 de Alto Professional proporcionan soluciones efectivas frente a cualquier reto [&hellip;]","og_url":"https:\/\/distribution.audio-technica.eu\/es-es\/noticias\/alto-professional-presenta-serie-ts3\/","og_site_name":"Audio-Technica Iberia","article_published_time":"2018-04-18T14:31:19+00:00","article_modified_time":"2023-07-31T09:00:04+00:00","og_image":[{"width":640,"height":360,"url":"https:\/\/distribution.audio-technica.eu\/app\/uploads\/sites\/2\/banner_TS3.jpg","type":"image\/jpeg"}],"author":"Audio-Technica","twitter_card":"summary_large_image","twitter_misc":{"Escrito por":"Audio-Technica","Tiempo de lectura":"2 minutos"},"schema":{"@context":"https:\/\/schema.org","@graph":[{"@type":"Article","@id":"https:\/\/distribution.audio-technica.eu\/es-es\/noticias\/alto-professional-presenta-serie-ts3\/#article","isPartOf":{"@id":"https:\/\/distribution.audio-technica.eu\/es-es\/noticias\/alto-professional-presenta-serie-ts3\/"},"author":{"name":"Audio-Technica","@id":"https:\/\/distribution.audio-technica.eu\/es-es\/#\/schema\/person\/e8e715e047e33cc425e816f59cbd9b80"},"headline":"Alto Professional presenta los nuevos recintos autoamplificados de la Serie TS3","datePublished":"2018-04-18T14:31:19+00:00","dateModified":"2023-07-31T09:00:04+00:00","mainEntityOfPage":{"@id":"https:\/\/distribution.audio-technica.eu\/es-es\/noticias\/alto-professional-presenta-serie-ts3\/"},"wordCount":318,"image":{"@id":"https:\/\/distribution.audio-technica.eu\/es-es\/noticias\/alto-professional-presenta-serie-ts3\/#primaryimage"},"thumbnailUrl":"\/app\/uploads\/sites\/2\/banner_TS3.jpg","keywords":["autoamplificados","directo","Instalaci\u00f3n","recintos","TS3"],"articleSection":["Novedades"],"inLanguage":"es"},{"@type":"WebPage","@id":"https:\/\/distribution.audio-technica.eu\/es-es\/noticias\/alto-professional-presenta-serie-ts3\/","url":"https:\/\/distribution.audio-technica.eu\/es-es\/noticias\/alto-professional-presenta-serie-ts3\/","name":"Alto Professional presenta los nuevos recintos autoamplificados de la Serie TS3 - Audio-Technica Iberia","isPartOf":{"@id":"https:\/\/distribution.audio-technica.eu\/es-es\/#website"},"primaryImageOfPage":{"@id":"https:\/\/distribution.audio-technica.eu\/es-es\/noticias\/alto-professional-presenta-serie-ts3\/#primaryimage"},"image":{"@id":"https:\/\/distribution.audio-technica.eu\/es-es\/noticias\/alto-professional-presenta-serie-ts3\/#primaryimage"},"thumbnailUrl":"\/app\/uploads\/sites\/2\/banner_TS3.jpg","datePublished":"2018-04-18T14:31:19+00:00","dateModified":"2023-07-31T09:00:04+00:00","author":{"@id":"https:\/\/distribution.audio-technica.eu\/es-es\/#\/schema\/person\/e8e715e047e33cc425e816f59cbd9b80"},"breadcrumb":{"@id":"https:\/\/distribution.audio-technica.eu\/es-es\/noticias\/alto-professional-presenta-serie-ts3\/#breadcrumb"},"inLanguage":"es","potentialAction":[{"@type":"ReadAction","target":["https:\/\/distribution.audio-technica.eu\/es-es\/noticias\/alto-professional-presenta-serie-ts3\/"]}]},{"@type":"ImageObject","inLanguage":"es","@id":"https:\/\/distribution.audio-technica.eu\/es-es\/noticias\/alto-professional-presenta-serie-ts3\/#primaryimage","url":"\/app\/uploads\/sites\/2\/banner_TS3.jpg","contentUrl":"\/app\/uploads\/sites\/2\/banner_TS3.jpg","width":640,"height":360,"caption":"Alto Professional presenta los nuevos recintos autoamplificados de la Serie TS3"},{"@type":"BreadcrumbList","@id":"https:\/\/distribution.audio-technica.eu\/es-es\/noticias\/alto-professional-presenta-serie-ts3\/#breadcrumb","itemListElement":[{"@type":"ListItem","position":1,"name":"Products","item":"https:\/\/distribution.audio-technica.eu\/es-es\/"},{"@type":"ListItem","position":2,"name":"Alto Professional presenta los nuevos recintos autoamplificados de la Serie TS3"}]},{"@type":"WebSite","@id":"https:\/\/distribution.audio-technica.eu\/es-es\/#website","url":"https:\/\/distribution.audio-technica.eu\/es-es\/","name":"Audio-Technica Iberia","description":"Distribuci\u00f3n","potentialAction":[{"@type":"SearchAction","target":{"@type":"EntryPoint","urlTemplate":"https:\/\/distribution.audio-technica.eu\/es-es\/?s={search_term_string}"},"query-input":{"@type":"PropertyValueSpecification","valueRequired":true,"valueName":"search_term_string"}}],"inLanguage":"es"},{"@type":"Person","@id":"https:\/\/distribution.audio-technica.eu\/es-es\/#\/schema\/person\/e8e715e047e33cc425e816f59cbd9b80","name":"Audio-Technica"}]}},"_links":{"self":[{"href":"https:\/\/distribution.audio-technica.eu\/es-es\/wp-json\/wp\/v2\/posts\/9313","targetHints":{"allow":["GET"]}}],"collection":[{"href":"https:\/\/distribution.audio-technica.eu\/es-es\/wp-json\/wp\/v2\/posts"}],"about":[{"href":"https:\/\/distribution.audio-technica.eu\/es-es\/wp-json\/wp\/v2\/types\/post"}],"author":[{"embeddable":true,"href":"https:\/\/distribution.audio-technica.eu\/es-es\/wp-json\/wp\/v2\/users\/1"}],"replies":[{"embeddable":true,"href":"https:\/\/distribution.audio-technica.eu\/es-es\/wp-json\/wp\/v2\/comments?post=9313"}],"version-history":[{"count":5,"href":"https:\/\/distribution.audio-technica.eu\/es-es\/wp-json\/wp\/v2\/posts\/9313\/revisions"}],"predecessor-version":[{"id":16118,"href":"https:\/\/distribution.audio-technica.eu\/es-es\/wp-json\/wp\/v2\/posts\/9313\/revisions\/16118"}],"wp:featuredmedia":[{"embeddable":true,"href":"https:\/\/distribution.audio-technica.eu\/es-es\/wp-json\/wp\/v2\/media\/6920"}],"wp:attachment":[{"href":"https:\/\/distribution.audio-technica.eu\/es-es\/wp-json\/wp\/v2\/media?parent=9313"}],"wp:term":[{"taxonomy":"category","embeddable":true,"href":"https:\/\/distribution.audio-technica.eu\/es-es\/wp-json\/wp\/v2\/categories?post=9313"},{"taxonomy":"post_tag","embeddable":true,"href":"https:\/\/distribution.audio-technica.eu\/es-es\/wp-json\/wp\/v2\/tags?post=9313"}],"curies":[{"name":"wp","href":"https:\/\/api.w.org\/{rel}","templated":true}]}}