{"id":10002,"date":"2019-09-27T09:44:45","date_gmt":"2019-09-27T08:44:45","guid":{"rendered":"https:\/\/atdb-production.studiograft.dev\/fr\/?p=10002"},"modified":"2019-09-27T10:45:46","modified_gmt":"2019-09-27T09:45:46","slug":"rme-met-a-jour-ses-drivers-pour-macos-10-15-catalina","status":"publish","type":"post","link":"https:\/\/distribution.audio-technica.eu\/fr-fr\/actualites\/rme-met-a-jour-ses-drivers-pour-macos-10-15-catalina\/","title":{"rendered":"RME met \u00e0 jour ses drivers pour macOS 10.15 Catalina"},"content":{"rendered":"<figure id=\"attachment_10003\" aria-describedby=\"caption-attachment-10003\" style=\"width: 1024px\" class=\"wp-caption aligncenter\"><img loading=\"lazy\" decoding=\"async\" class=\"wp-image-10003 size-large\" src=\"\/fr\/wp-content\/uploads\/sites\/3\/mac-compatibili-macos-catalina-1024x546.jpg\" alt=\"\" width=\"1024\" height=\"546\" srcset=\"https:\/\/distribution.audio-technica.eu\/app\/uploads\/sites\/3\/mac-compatibili-macos-catalina-1024x546.jpg 1024w, https:\/\/distribution.audio-technica.eu\/app\/uploads\/sites\/3\/mac-compatibili-macos-catalina-300x160.jpg 300w, https:\/\/distribution.audio-technica.eu\/app\/uploads\/sites\/3\/mac-compatibili-macos-catalina-768x410.jpg 768w, https:\/\/distribution.audio-technica.eu\/app\/uploads\/sites\/3\/mac-compatibili-macos-catalina-200x107.jpg 200w, https:\/\/distribution.audio-technica.eu\/app\/uploads\/sites\/3\/mac-compatibili-macos-catalina-400x213.jpg 400w, https:\/\/distribution.audio-technica.eu\/app\/uploads\/sites\/3\/mac-compatibili-macos-catalina-600x320.jpg 600w, https:\/\/distribution.audio-technica.eu\/app\/uploads\/sites\/3\/mac-compatibili-macos-catalina-800x427.jpg 800w, https:\/\/distribution.audio-technica.eu\/app\/uploads\/sites\/3\/mac-compatibili-macos-catalina-1200x640.jpg 1200w\" sizes=\"auto, (max-width: 1024px) 100vw, 1024px\" \/><figcaption id=\"caption-attachment-10003\" class=\"wp-caption-text\">macOS 10.15 Catalina<\/figcaption><\/figure>\n<p>RME propose une nouvelle version 3.18 de son drivers afin de rendre compatible l\u2019ensemble de ses interfaces USB avec macOS Catalina qui sortira en octobre 2019.<\/p>\n<p>De plus, ce driver int\u00e8gre la \u00ab\u00a0Notarization\u00a0\u00bb d\u2019Apple, le nouveau syst\u00e8me certifications des applications qui garantit la s\u00e9curit\u00e9 des Mac.<\/p>\n<p>Ce nouveau driver est livr\u00e9 avec TotalMix FX 1.63 lui aussi 100% compatible macOS Catalina.<\/p>\n<p>&nbsp;<\/p>\n<p>Les interfaces RME actuellement compatibles macOS Catalina sont :<\/p>\n<p>&nbsp;<\/p>\n<p>Fireface UFX \/ UFX+ \/ UFX II \/ 802 \/ UCX \/ UC<\/p>\n<p>Babyface<\/p>\n<p>Babyface Pro<\/p>\n<p>MADIface USB<\/p>\n<p>MADIface XT<\/p>\n<p>MADIface Pro<\/p>\n<p>Digiface USB<\/p>\n<p>Digiface Dante<\/p>\n<p>Digiface AVB<\/p>\n<p>&nbsp;<\/p>\n<p>Les drivers pour les interfaces PCI\/PCIe et Thunderbolt seront \u00e9galement propos\u00e9s avant la sortie de macOS Catalina.<\/p>\n<p>&nbsp;<\/p>\n<p>Cliquez sur ce lien pour t\u00e9l\u00e9charger les drivers RME :<\/p>\n<p><a href=\"http:\/\/www.rme-audio.de\/en\/downloads.php\">http:\/\/www.rme-audio.de\/en\/downloads.php<\/a><\/p>\n<p>&nbsp;<\/p>\n","protected":false},"excerpt":{"rendered":"<p>RME propose une nouvelle version 3.18 de son drivers afin de rendre compatible l\u2019ensemble de ses interfaces USB avec macOS Catalina qui sortira en octobre 2019. De plus, ce driver int\u00e8gre la \u00ab\u00a0Notarization\u00a0\u00bb d\u2019Apple, le nouveau syst\u00e8me certifications des applications qui garantit la s\u00e9curit\u00e9 des Mac. Ce nouveau driver est livr\u00e9 avec TotalMix FX 1.63 [&hellip;]<\/p>\n","protected":false},"author":5,"featured_media":10003,"comment_status":"closed","ping_status":"closed","sticky":false,"template":"","format":"standard","meta":{"_acf_changed":false,"footnotes":""},"categories":[1909],"tags":[2064,1766,1967,2065,2066,1977,1979,2067],"class_list":["post-10002","post","type-post","status-publish","format-standard","has-post-thumbnail","hentry","category-rme","tag-catalina","tag-drivers","tag-macos","tag-macos-10-15","tag-notarization","tag-rme","tag-totalmix","tag-totalmix-fx"],"acf":[],"yoast_head":"<!-- This site is optimized with the Yoast SEO plugin v27.1.1 - https:\/\/yoast.com\/product\/yoast-seo-wordpress\/ -->\n<title>RME met \u00e0 jour ses drivers pour macOS 10.15 Catalina - FR Audio-Technica Distribution<\/title>\n<meta name=\"robots\" content=\"index, follow, max-snippet:-1, max-image-preview:large, max-video-preview:-1\" \/>\n<link rel=\"canonical\" href=\"https:\/\/distribution.audio-technica.eu\/fr-fr\/actualites\/rme-met-a-jour-ses-drivers-pour-macos-10-15-catalina\/\" \/>\n<meta property=\"og:locale\" content=\"fr_FR\" \/>\n<meta property=\"og:type\" content=\"article\" \/>\n<meta property=\"og:title\" content=\"RME met \u00e0 jour ses drivers pour macOS 10.15 Catalina - FR Audio-Technica Distribution\" \/>\n<meta property=\"og:description\" content=\"RME propose une nouvelle version 3.18 de son drivers afin de rendre compatible l\u2019ensemble de ses interfaces USB avec macOS Catalina qui sortira en octobre 2019. De plus, ce driver int\u00e8gre la \u00ab\u00a0Notarization\u00a0\u00bb d\u2019Apple, le nouveau syst\u00e8me certifications des applications qui garantit la s\u00e9curit\u00e9 des Mac. Ce nouveau driver est livr\u00e9 avec TotalMix FX 1.63 [&hellip;]\" \/>\n<meta property=\"og:url\" content=\"https:\/\/distribution.audio-technica.eu\/fr-fr\/actualites\/rme-met-a-jour-ses-drivers-pour-macos-10-15-catalina\/\" \/>\n<meta property=\"og:site_name\" content=\"FR Audio-Technica Distribution\" \/>\n<meta property=\"article:published_time\" content=\"2019-09-27T08:44:45+00:00\" \/>\n<meta property=\"article:modified_time\" content=\"2019-09-27T09:45:46+00:00\" \/>\n<meta property=\"og:image\" content=\"https:\/\/distribution.audio-technica.eu\/app\/uploads\/sites\/3\/mac-compatibili-macos-catalina.jpg\" \/>\n\t<meta property=\"og:image:width\" content=\"2474\" \/>\n\t<meta property=\"og:image:height\" content=\"1320\" \/>\n\t<meta property=\"og:image:type\" content=\"image\/jpeg\" \/>\n<meta name=\"author\" content=\"ballaume\" \/>\n<meta name=\"twitter:card\" content=\"summary_large_image\" \/>\n<meta name=\"twitter:label1\" content=\"\u00c9crit par\" \/>\n\t<meta name=\"twitter:data1\" content=\"ballaume\" \/>\n\t<meta name=\"twitter:label2\" content=\"Dur\u00e9e de lecture estim\u00e9e\" \/>\n\t<meta name=\"twitter:data2\" content=\"1 minute\" \/>\n<script type=\"application\/ld+json\" class=\"yoast-schema-graph\">{\"@context\":\"https:\/\/schema.org\",\"@graph\":[{\"@type\":\"Article\",\"@id\":\"https:\/\/distribution.audio-technica.eu\/fr-fr\/actualites\/rme-met-a-jour-ses-drivers-pour-macos-10-15-catalina\/#article\",\"isPartOf\":{\"@id\":\"https:\/\/distribution.audio-technica.eu\/fr-fr\/actualites\/rme-met-a-jour-ses-drivers-pour-macos-10-15-catalina\/\"},\"author\":{\"name\":\"ballaume\",\"@id\":\"https:\/\/distribution.audio-technica.eu\/fr-fr\/#\/schema\/person\/6b6f3224dedb3cc336f57bfe82de0ff1\"},\"headline\":\"RME met \u00e0 jour ses drivers pour macOS 10.15 Catalina\",\"datePublished\":\"2019-09-27T08:44:45+00:00\",\"dateModified\":\"2019-09-27T09:45:46+00:00\",\"mainEntityOfPage\":{\"@id\":\"https:\/\/distribution.audio-technica.eu\/fr-fr\/actualites\/rme-met-a-jour-ses-drivers-pour-macos-10-15-catalina\/\"},\"wordCount\":151,\"image\":{\"@id\":\"https:\/\/distribution.audio-technica.eu\/fr-fr\/actualites\/rme-met-a-jour-ses-drivers-pour-macos-10-15-catalina\/#primaryimage\"},\"thumbnailUrl\":\"\/app\/uploads\/sites\/3\/mac-compatibili-macos-catalina.jpg\",\"keywords\":[\"Catalina\",\"drivers\",\"macOS\",\"macOS 10.15\",\"notarization\",\"RME\",\"TotalMix\",\"TotalMix FX\"],\"articleSection\":[\"RME\"],\"inLanguage\":\"fr-FR\"},{\"@type\":\"WebPage\",\"@id\":\"https:\/\/distribution.audio-technica.eu\/fr-fr\/actualites\/rme-met-a-jour-ses-drivers-pour-macos-10-15-catalina\/\",\"url\":\"https:\/\/distribution.audio-technica.eu\/fr-fr\/actualites\/rme-met-a-jour-ses-drivers-pour-macos-10-15-catalina\/\",\"name\":\"RME met \u00e0 jour ses drivers pour macOS 10.15 Catalina - FR Audio-Technica Distribution\",\"isPartOf\":{\"@id\":\"https:\/\/distribution.audio-technica.eu\/fr-fr\/#website\"},\"primaryImageOfPage\":{\"@id\":\"https:\/\/distribution.audio-technica.eu\/fr-fr\/actualites\/rme-met-a-jour-ses-drivers-pour-macos-10-15-catalina\/#primaryimage\"},\"image\":{\"@id\":\"https:\/\/distribution.audio-technica.eu\/fr-fr\/actualites\/rme-met-a-jour-ses-drivers-pour-macos-10-15-catalina\/#primaryimage\"},\"thumbnailUrl\":\"\/app\/uploads\/sites\/3\/mac-compatibili-macos-catalina.jpg\",\"datePublished\":\"2019-09-27T08:44:45+00:00\",\"dateModified\":\"2019-09-27T09:45:46+00:00\",\"author\":{\"@id\":\"https:\/\/distribution.audio-technica.eu\/fr-fr\/#\/schema\/person\/6b6f3224dedb3cc336f57bfe82de0ff1\"},\"breadcrumb\":{\"@id\":\"https:\/\/distribution.audio-technica.eu\/fr-fr\/actualites\/rme-met-a-jour-ses-drivers-pour-macos-10-15-catalina\/#breadcrumb\"},\"inLanguage\":\"fr-FR\",\"potentialAction\":[{\"@type\":\"ReadAction\",\"target\":[\"https:\/\/distribution.audio-technica.eu\/fr-fr\/actualites\/rme-met-a-jour-ses-drivers-pour-macos-10-15-catalina\/\"]}]},{\"@type\":\"ImageObject\",\"inLanguage\":\"fr-FR\",\"@id\":\"https:\/\/distribution.audio-technica.eu\/fr-fr\/actualites\/rme-met-a-jour-ses-drivers-pour-macos-10-15-catalina\/#primaryimage\",\"url\":\"\/app\/uploads\/sites\/3\/mac-compatibili-macos-catalina.jpg\",\"contentUrl\":\"\/app\/uploads\/sites\/3\/mac-compatibili-macos-catalina.jpg\",\"width\":2474,\"height\":1320,\"caption\":\"macOS 10.15 Catalina\"},{\"@type\":\"BreadcrumbList\",\"@id\":\"https:\/\/distribution.audio-technica.eu\/fr-fr\/actualites\/rme-met-a-jour-ses-drivers-pour-macos-10-15-catalina\/#breadcrumb\",\"itemListElement\":[{\"@type\":\"ListItem\",\"position\":1,\"name\":\"Products\",\"item\":\"https:\/\/distribution.audio-technica.eu\/fr-fr\/\"},{\"@type\":\"ListItem\",\"position\":2,\"name\":\"RME met \u00e0 jour ses drivers pour macOS 10.15 Catalina\"}]},{\"@type\":\"WebSite\",\"@id\":\"https:\/\/distribution.audio-technica.eu\/fr-fr\/#website\",\"url\":\"https:\/\/distribution.audio-technica.eu\/fr-fr\/\",\"name\":\"FR Audio-Technica Distribution\",\"description\":\"\",\"potentialAction\":[{\"@type\":\"SearchAction\",\"target\":{\"@type\":\"EntryPoint\",\"urlTemplate\":\"https:\/\/distribution.audio-technica.eu\/fr-fr\/?s={search_term_string}\"},\"query-input\":{\"@type\":\"PropertyValueSpecification\",\"valueRequired\":true,\"valueName\":\"search_term_string\"}}],\"inLanguage\":\"fr-FR\"},{\"@type\":\"Person\",\"@id\":\"https:\/\/distribution.audio-technica.eu\/fr-fr\/#\/schema\/person\/6b6f3224dedb3cc336f57bfe82de0ff1\",\"name\":\"ballaume\",\"url\":\"https:\/\/distribution.audio-technica.eu\/fr-fr\/actualites\/author\/ballaume\/\"}]}<\/script>\n<!-- \/ Yoast SEO plugin. -->","yoast_head_json":{"title":"RME met \u00e0 jour ses drivers pour macOS 10.15 Catalina - FR Audio-Technica Distribution","robots":{"index":"index","follow":"follow","max-snippet":"max-snippet:-1","max-image-preview":"max-image-preview:large","max-video-preview":"max-video-preview:-1"},"canonical":"https:\/\/distribution.audio-technica.eu\/fr-fr\/actualites\/rme-met-a-jour-ses-drivers-pour-macos-10-15-catalina\/","og_locale":"fr_FR","og_type":"article","og_title":"RME met \u00e0 jour ses drivers pour macOS 10.15 Catalina - FR Audio-Technica Distribution","og_description":"RME propose une nouvelle version 3.18 de son drivers afin de rendre compatible l\u2019ensemble de ses interfaces USB avec macOS Catalina qui sortira en octobre 2019. De plus, ce driver int\u00e8gre la \u00ab\u00a0Notarization\u00a0\u00bb d\u2019Apple, le nouveau syst\u00e8me certifications des applications qui garantit la s\u00e9curit\u00e9 des Mac. Ce nouveau driver est livr\u00e9 avec TotalMix FX 1.63 [&hellip;]","og_url":"https:\/\/distribution.audio-technica.eu\/fr-fr\/actualites\/rme-met-a-jour-ses-drivers-pour-macos-10-15-catalina\/","og_site_name":"FR Audio-Technica Distribution","article_published_time":"2019-09-27T08:44:45+00:00","article_modified_time":"2019-09-27T09:45:46+00:00","og_image":[{"width":2474,"height":1320,"url":"https:\/\/distribution.audio-technica.eu\/app\/uploads\/sites\/3\/mac-compatibili-macos-catalina.jpg","type":"image\/jpeg"}],"author":"ballaume","twitter_card":"summary_large_image","twitter_misc":{"\u00c9crit par":"ballaume","Dur\u00e9e de lecture estim\u00e9e":"1 minute"},"schema":{"@context":"https:\/\/schema.org","@graph":[{"@type":"Article","@id":"https:\/\/distribution.audio-technica.eu\/fr-fr\/actualites\/rme-met-a-jour-ses-drivers-pour-macos-10-15-catalina\/#article","isPartOf":{"@id":"https:\/\/distribution.audio-technica.eu\/fr-fr\/actualites\/rme-met-a-jour-ses-drivers-pour-macos-10-15-catalina\/"},"author":{"name":"ballaume","@id":"https:\/\/distribution.audio-technica.eu\/fr-fr\/#\/schema\/person\/6b6f3224dedb3cc336f57bfe82de0ff1"},"headline":"RME met \u00e0 jour ses drivers pour macOS 10.15 Catalina","datePublished":"2019-09-27T08:44:45+00:00","dateModified":"2019-09-27T09:45:46+00:00","mainEntityOfPage":{"@id":"https:\/\/distribution.audio-technica.eu\/fr-fr\/actualites\/rme-met-a-jour-ses-drivers-pour-macos-10-15-catalina\/"},"wordCount":151,"image":{"@id":"https:\/\/distribution.audio-technica.eu\/fr-fr\/actualites\/rme-met-a-jour-ses-drivers-pour-macos-10-15-catalina\/#primaryimage"},"thumbnailUrl":"\/app\/uploads\/sites\/3\/mac-compatibili-macos-catalina.jpg","keywords":["Catalina","drivers","macOS","macOS 10.15","notarization","RME","TotalMix","TotalMix FX"],"articleSection":["RME"],"inLanguage":"fr-FR"},{"@type":"WebPage","@id":"https:\/\/distribution.audio-technica.eu\/fr-fr\/actualites\/rme-met-a-jour-ses-drivers-pour-macos-10-15-catalina\/","url":"https:\/\/distribution.audio-technica.eu\/fr-fr\/actualites\/rme-met-a-jour-ses-drivers-pour-macos-10-15-catalina\/","name":"RME met \u00e0 jour ses drivers pour macOS 10.15 Catalina - FR Audio-Technica Distribution","isPartOf":{"@id":"https:\/\/distribution.audio-technica.eu\/fr-fr\/#website"},"primaryImageOfPage":{"@id":"https:\/\/distribution.audio-technica.eu\/fr-fr\/actualites\/rme-met-a-jour-ses-drivers-pour-macos-10-15-catalina\/#primaryimage"},"image":{"@id":"https:\/\/distribution.audio-technica.eu\/fr-fr\/actualites\/rme-met-a-jour-ses-drivers-pour-macos-10-15-catalina\/#primaryimage"},"thumbnailUrl":"\/app\/uploads\/sites\/3\/mac-compatibili-macos-catalina.jpg","datePublished":"2019-09-27T08:44:45+00:00","dateModified":"2019-09-27T09:45:46+00:00","author":{"@id":"https:\/\/distribution.audio-technica.eu\/fr-fr\/#\/schema\/person\/6b6f3224dedb3cc336f57bfe82de0ff1"},"breadcrumb":{"@id":"https:\/\/distribution.audio-technica.eu\/fr-fr\/actualites\/rme-met-a-jour-ses-drivers-pour-macos-10-15-catalina\/#breadcrumb"},"inLanguage":"fr-FR","potentialAction":[{"@type":"ReadAction","target":["https:\/\/distribution.audio-technica.eu\/fr-fr\/actualites\/rme-met-a-jour-ses-drivers-pour-macos-10-15-catalina\/"]}]},{"@type":"ImageObject","inLanguage":"fr-FR","@id":"https:\/\/distribution.audio-technica.eu\/fr-fr\/actualites\/rme-met-a-jour-ses-drivers-pour-macos-10-15-catalina\/#primaryimage","url":"\/app\/uploads\/sites\/3\/mac-compatibili-macos-catalina.jpg","contentUrl":"\/app\/uploads\/sites\/3\/mac-compatibili-macos-catalina.jpg","width":2474,"height":1320,"caption":"macOS 10.15 Catalina"},{"@type":"BreadcrumbList","@id":"https:\/\/distribution.audio-technica.eu\/fr-fr\/actualites\/rme-met-a-jour-ses-drivers-pour-macos-10-15-catalina\/#breadcrumb","itemListElement":[{"@type":"ListItem","position":1,"name":"Products","item":"https:\/\/distribution.audio-technica.eu\/fr-fr\/"},{"@type":"ListItem","position":2,"name":"RME met \u00e0 jour ses drivers pour macOS 10.15 Catalina"}]},{"@type":"WebSite","@id":"https:\/\/distribution.audio-technica.eu\/fr-fr\/#website","url":"https:\/\/distribution.audio-technica.eu\/fr-fr\/","name":"FR Audio-Technica Distribution","description":"","potentialAction":[{"@type":"SearchAction","target":{"@type":"EntryPoint","urlTemplate":"https:\/\/distribution.audio-technica.eu\/fr-fr\/?s={search_term_string}"},"query-input":{"@type":"PropertyValueSpecification","valueRequired":true,"valueName":"search_term_string"}}],"inLanguage":"fr-FR"},{"@type":"Person","@id":"https:\/\/distribution.audio-technica.eu\/fr-fr\/#\/schema\/person\/6b6f3224dedb3cc336f57bfe82de0ff1","name":"ballaume","url":"https:\/\/distribution.audio-technica.eu\/fr-fr\/actualites\/author\/ballaume\/"}]}},"_links":{"self":[{"href":"https:\/\/distribution.audio-technica.eu\/fr-fr\/wp-json\/wp\/v2\/posts\/10002","targetHints":{"allow":["GET"]}}],"collection":[{"href":"https:\/\/distribution.audio-technica.eu\/fr-fr\/wp-json\/wp\/v2\/posts"}],"about":[{"href":"https:\/\/distribution.audio-technica.eu\/fr-fr\/wp-json\/wp\/v2\/types\/post"}],"author":[{"embeddable":true,"href":"https:\/\/distribution.audio-technica.eu\/fr-fr\/wp-json\/wp\/v2\/users\/5"}],"replies":[{"embeddable":true,"href":"https:\/\/distribution.audio-technica.eu\/fr-fr\/wp-json\/wp\/v2\/comments?post=10002"}],"version-history":[{"count":1,"href":"https:\/\/distribution.audio-technica.eu\/fr-fr\/wp-json\/wp\/v2\/posts\/10002\/revisions"}],"predecessor-version":[{"id":10004,"href":"https:\/\/distribution.audio-technica.eu\/fr-fr\/wp-json\/wp\/v2\/posts\/10002\/revisions\/10004"}],"wp:featuredmedia":[{"embeddable":true,"href":"https:\/\/distribution.audio-technica.eu\/fr-fr\/wp-json\/wp\/v2\/media\/10003"}],"wp:attachment":[{"href":"https:\/\/distribution.audio-technica.eu\/fr-fr\/wp-json\/wp\/v2\/media?parent=10002"}],"wp:term":[{"taxonomy":"category","embeddable":true,"href":"https:\/\/distribution.audio-technica.eu\/fr-fr\/wp-json\/wp\/v2\/categories?post=10002"},{"taxonomy":"post_tag","embeddable":true,"href":"https:\/\/distribution.audio-technica.eu\/fr-fr\/wp-json\/wp\/v2\/tags?post=10002"}],"curies":[{"name":"wp","href":"https:\/\/api.w.org\/{rel}","templated":true}]}}