{"id":10052,"date":"2019-11-12T14:20:52","date_gmt":"2019-11-12T14:20:52","guid":{"rendered":"https:\/\/atdb-production.studiograft.dev\/fr\/?p=10052"},"modified":"2019-11-13T21:48:52","modified_gmt":"2019-11-13T21:48:52","slug":"rme-presente-la-babyface-pro-fs","status":"publish","type":"post","link":"https:\/\/distribution.audio-technica.eu\/fr-fr\/actualites\/rme-presente-la-babyface-pro-fs\/","title":{"rendered":"RME pr\u00e9sente la Babyface Pro FS"},"content":{"rendered":"<p><img loading=\"lazy\" decoding=\"async\" class=\"aligncenter wp-image-10054 size-medium\" src=\"\/fr\/wp-content\/uploads\/sites\/3\/AG_RME_Babyface_Pro_FS_Perspective-300x178.jpg\" alt=\"\" width=\"300\" height=\"178\" srcset=\"https:\/\/distribution.audio-technica.eu\/app\/uploads\/sites\/3\/AG_RME_Babyface_Pro_FS_Perspective-300x178.jpg 300w, https:\/\/distribution.audio-technica.eu\/app\/uploads\/sites\/3\/AG_RME_Babyface_Pro_FS_Perspective-768x457.jpg 768w, https:\/\/distribution.audio-technica.eu\/app\/uploads\/sites\/3\/AG_RME_Babyface_Pro_FS_Perspective-1024x609.jpg 1024w, https:\/\/distribution.audio-technica.eu\/app\/uploads\/sites\/3\/AG_RME_Babyface_Pro_FS_Perspective-200x119.jpg 200w, https:\/\/distribution.audio-technica.eu\/app\/uploads\/sites\/3\/AG_RME_Babyface_Pro_FS_Perspective-400x238.jpg 400w, https:\/\/distribution.audio-technica.eu\/app\/uploads\/sites\/3\/AG_RME_Babyface_Pro_FS_Perspective-600x357.jpg 600w, https:\/\/distribution.audio-technica.eu\/app\/uploads\/sites\/3\/AG_RME_Babyface_Pro_FS_Perspective-800x476.jpg 800w, https:\/\/distribution.audio-technica.eu\/app\/uploads\/sites\/3\/AG_RME_Babyface_Pro_FS_Perspective-1200x713.jpg 1200w\" sizes=\"auto, (max-width: 300px) 100vw, 300px\" \/>Il y a 4 ans, la Babyface Pro d\u00e9montrait \u00e0 nouveau tout le savoir faire de RME en mati\u00e8re de conception d&rsquo;interface audio, pas seulement au niveau des circuits \u00e9lectroniques, mais \u00e9galement au niveau de la construction et de l&rsquo;assemblage. Con\u00e7ue \u00e0 partir d&rsquo;un bloc d&rsquo;aluminium usin\u00e9 avec une grande pr\u00e9cision, cette interface nomade haut de gamme proposait un tout nouveau design des circuits analogiques et digitaux. Sa technologie innovante d&rsquo;\u00e9conomie d&rsquo;\u00e9nergie permettait une incroyable fid\u00e9lit\u00e9 sonore, sans aucun compromis au niveau de la distorsion, du bruit de fond ou encore des niveaux de sortie.<\/p>\n<p><strong>La Babyface Pro FS apporte de nombreuses am\u00e9liorations :<\/strong><\/p>\n<ul>\n<li>Commutateur +19 \/ +4 dBu, situ\u00e9 sous le bo\u00eetier, pour r\u00e9duire le niveau de sortie et am\u00e9liorer le rapport signal bruit avec les moniteurs actifs, tout en \u00e9liminant les risques de distorsion et en permettant de conserver les faders de TotalMix FX proche de 0 dB.<\/li>\n<li>Circuit d\u2019horloge SteadyClock FS de l&rsquo;ADI-2 Pro FS pour un jitter minimum et une meilleure immunit\u00e9 aux probl\u00e8me de jitter.<\/li>\n<li>Le niveau de la sortie casque TRS 3,5 mm passe de 70 \u00e0 90 mW et son imp\u00e9dance de sortie est baiss\u00e9e de 2 \u00e0 0,1 Ohm.<\/li>\n<li>Le taux de distorsion harmonique (THD) des deux sorties casques est am\u00e9lior\u00e9 de 10 dB.<\/li>\n<li>Les amplis casques utilisent \u00e0 pr\u00e9sent les m\u00eames amplis op en sortie que l\u2019ADI-2 Pro FS.<\/li>\n<li>Le rapport signal\/bruit de l\u2019entr\u00e9e micro passe de 112,2 \u00e0 113,7 dB, celui des entr\u00e9es ligne de 114 \u00e0 116,3 dB (120 dB A) et le taux de distorsion harmonique (THD) des entr\u00e9es ligne est am\u00e9lior\u00e9 de 8 dB.<\/li>\n<li>6 Samples de moins au niveau de la conversion A\/N gr\u00e2ce aux nouveaux convertisseurs (5 samples A\/N, 7 samples N\/A, on ne peut pas faire plus rapide&#8230;)<\/li>\n<li>Ajout d\u2019un port de s\u00e9curit\u00e9 Kensington pour la s\u00e9curit\u00e9.<\/li>\n<\/ul>\n<p>La nouvelle Babyface Pro FS est vendue 749 \u20ac TTC Public.<\/p>\n<p>Disponibilit\u00e9 : Fin Novembre 2019<\/p>\n<p><img loading=\"lazy\" decoding=\"async\" class=\"aligncenter wp-image-10055 size-medium\" src=\"\/fr\/wp-content\/uploads\/sites\/3\/AG_RME_Babyface_Pro_FS_Top-300x300.jpg\" alt=\"\" width=\"300\" height=\"300\" srcset=\"https:\/\/distribution.audio-technica.eu\/app\/uploads\/sites\/3\/AG_RME_Babyface_Pro_FS_Top-300x300.jpg 300w, https:\/\/distribution.audio-technica.eu\/app\/uploads\/sites\/3\/AG_RME_Babyface_Pro_FS_Top-150x150.jpg 150w, https:\/\/distribution.audio-technica.eu\/app\/uploads\/sites\/3\/AG_RME_Babyface_Pro_FS_Top-768x768.jpg 768w, https:\/\/distribution.audio-technica.eu\/app\/uploads\/sites\/3\/AG_RME_Babyface_Pro_FS_Top-1024x1024.jpg 1024w, https:\/\/distribution.audio-technica.eu\/app\/uploads\/sites\/3\/AG_RME_Babyface_Pro_FS_Top-66x66.jpg 66w, https:\/\/distribution.audio-technica.eu\/app\/uploads\/sites\/3\/AG_RME_Babyface_Pro_FS_Top-200x200.jpg 200w, https:\/\/distribution.audio-technica.eu\/app\/uploads\/sites\/3\/AG_RME_Babyface_Pro_FS_Top-400x400.jpg 400w, https:\/\/distribution.audio-technica.eu\/app\/uploads\/sites\/3\/AG_RME_Babyface_Pro_FS_Top-600x600.jpg 600w, https:\/\/distribution.audio-technica.eu\/app\/uploads\/sites\/3\/AG_RME_Babyface_Pro_FS_Top-800x800.jpg 800w, https:\/\/distribution.audio-technica.eu\/app\/uploads\/sites\/3\/AG_RME_Babyface_Pro_FS_Top-1200x1200.jpg 1200w, https:\/\/distribution.audio-technica.eu\/app\/uploads\/sites\/3\/AG_RME_Babyface_Pro_FS_Top-100x100.jpg 100w\" sizes=\"auto, (max-width: 300px) 100vw, 300px\" \/><\/p>\n<p>&nbsp;<\/p>\n","protected":false},"excerpt":{"rendered":"<p>Il y a 4 ans, la Babyface Pro d\u00e9montrait \u00e0 nouveau tout le savoir faire de RME en mati\u00e8re de conception d&rsquo;interface audio, pas seulement au niveau des circuits \u00e9lectroniques, mais \u00e9galement au niveau de la construction et de l&rsquo;assemblage. Con\u00e7ue \u00e0 partir d&rsquo;un bloc d&rsquo;aluminium usin\u00e9 avec une grande pr\u00e9cision, cette interface nomade haut [&hellip;]<\/p>\n","protected":false},"author":5,"featured_media":10053,"comment_status":"closed","ping_status":"closed","sticky":false,"template":"","format":"standard","meta":{"_acf_changed":false,"footnotes":""},"categories":[1909],"tags":[1943,2074,2077,2076,1977,2075],"class_list":["post-10052","post","type-post","status-publish","format-standard","has-post-thumbnail","hentry","category-rme","tag-babyface-pro","tag-babyface-pro-fs","tag-new","tag-nouveaute","tag-rme","tag-steadyclock-fs"],"acf":[],"yoast_head":"<!-- This site is optimized with the Yoast SEO plugin v27.1.1 - https:\/\/yoast.com\/product\/yoast-seo-wordpress\/ -->\n<title>RME pr\u00e9sente la Babyface Pro FS - FR Audio-Technica Distribution<\/title>\n<meta name=\"robots\" content=\"index, follow, max-snippet:-1, max-image-preview:large, max-video-preview:-1\" \/>\n<link rel=\"canonical\" href=\"https:\/\/distribution.audio-technica.eu\/fr-fr\/actualites\/rme-presente-la-babyface-pro-fs\/\" \/>\n<meta property=\"og:locale\" content=\"fr_FR\" \/>\n<meta property=\"og:type\" content=\"article\" \/>\n<meta property=\"og:title\" content=\"RME pr\u00e9sente la Babyface Pro FS - FR Audio-Technica Distribution\" \/>\n<meta property=\"og:description\" content=\"Il y a 4 ans, la Babyface Pro d\u00e9montrait \u00e0 nouveau tout le savoir faire de RME en mati\u00e8re de conception d&rsquo;interface audio, pas seulement au niveau des circuits \u00e9lectroniques, mais \u00e9galement au niveau de la construction et de l&rsquo;assemblage. Con\u00e7ue \u00e0 partir d&rsquo;un bloc d&rsquo;aluminium usin\u00e9 avec une grande pr\u00e9cision, cette interface nomade haut [&hellip;]\" \/>\n<meta property=\"og:url\" content=\"https:\/\/distribution.audio-technica.eu\/fr-fr\/actualites\/rme-presente-la-babyface-pro-fs\/\" \/>\n<meta property=\"og:site_name\" content=\"FR Audio-Technica Distribution\" \/>\n<meta property=\"article:published_time\" content=\"2019-11-12T14:20:52+00:00\" \/>\n<meta property=\"article:modified_time\" content=\"2019-11-13T21:48:52+00:00\" \/>\n<meta property=\"og:image\" content=\"https:\/\/distribution.audio-technica.eu\/app\/uploads\/sites\/3\/AG_RME_Babyface_Pro_FS_Perspective_XL2-1024x1024.jpg\" \/>\n\t<meta property=\"og:image:width\" content=\"1024\" \/>\n\t<meta property=\"og:image:height\" content=\"1024\" \/>\n\t<meta property=\"og:image:type\" content=\"image\/jpeg\" \/>\n<meta name=\"author\" content=\"ballaume\" \/>\n<meta name=\"twitter:card\" content=\"summary_large_image\" \/>\n<meta name=\"twitter:label1\" content=\"\u00c9crit par\" \/>\n\t<meta name=\"twitter:data1\" content=\"ballaume\" \/>\n\t<meta name=\"twitter:label2\" content=\"Dur\u00e9e de lecture estim\u00e9e\" \/>\n\t<meta name=\"twitter:data2\" content=\"2 minutes\" \/>\n<script type=\"application\/ld+json\" class=\"yoast-schema-graph\">{\"@context\":\"https:\/\/schema.org\",\"@graph\":[{\"@type\":\"Article\",\"@id\":\"https:\/\/distribution.audio-technica.eu\/fr-fr\/actualites\/rme-presente-la-babyface-pro-fs\/#article\",\"isPartOf\":{\"@id\":\"https:\/\/distribution.audio-technica.eu\/fr-fr\/actualites\/rme-presente-la-babyface-pro-fs\/\"},\"author\":{\"name\":\"ballaume\",\"@id\":\"https:\/\/distribution.audio-technica.eu\/fr-fr\/#\/schema\/person\/6b6f3224dedb3cc336f57bfe82de0ff1\"},\"headline\":\"RME pr\u00e9sente la Babyface Pro FS\",\"datePublished\":\"2019-11-12T14:20:52+00:00\",\"dateModified\":\"2019-11-13T21:48:52+00:00\",\"mainEntityOfPage\":{\"@id\":\"https:\/\/distribution.audio-technica.eu\/fr-fr\/actualites\/rme-presente-la-babyface-pro-fs\/\"},\"wordCount\":332,\"image\":{\"@id\":\"https:\/\/distribution.audio-technica.eu\/fr-fr\/actualites\/rme-presente-la-babyface-pro-fs\/#primaryimage\"},\"thumbnailUrl\":\"\/app\/uploads\/sites\/3\/AG_RME_Babyface_Pro_FS_Perspective_XL2.jpg\",\"keywords\":[\"Babyface Pro\",\"Babyface Pro FS\",\"New\",\"Nouveaut\u00e9\",\"RME\",\"SteadyClock FS\"],\"articleSection\":[\"RME\"],\"inLanguage\":\"fr-FR\"},{\"@type\":\"WebPage\",\"@id\":\"https:\/\/distribution.audio-technica.eu\/fr-fr\/actualites\/rme-presente-la-babyface-pro-fs\/\",\"url\":\"https:\/\/distribution.audio-technica.eu\/fr-fr\/actualites\/rme-presente-la-babyface-pro-fs\/\",\"name\":\"RME pr\u00e9sente la Babyface Pro FS - FR Audio-Technica Distribution\",\"isPartOf\":{\"@id\":\"https:\/\/distribution.audio-technica.eu\/fr-fr\/#website\"},\"primaryImageOfPage\":{\"@id\":\"https:\/\/distribution.audio-technica.eu\/fr-fr\/actualites\/rme-presente-la-babyface-pro-fs\/#primaryimage\"},\"image\":{\"@id\":\"https:\/\/distribution.audio-technica.eu\/fr-fr\/actualites\/rme-presente-la-babyface-pro-fs\/#primaryimage\"},\"thumbnailUrl\":\"\/app\/uploads\/sites\/3\/AG_RME_Babyface_Pro_FS_Perspective_XL2.jpg\",\"datePublished\":\"2019-11-12T14:20:52+00:00\",\"dateModified\":\"2019-11-13T21:48:52+00:00\",\"author\":{\"@id\":\"https:\/\/distribution.audio-technica.eu\/fr-fr\/#\/schema\/person\/6b6f3224dedb3cc336f57bfe82de0ff1\"},\"breadcrumb\":{\"@id\":\"https:\/\/distribution.audio-technica.eu\/fr-fr\/actualites\/rme-presente-la-babyface-pro-fs\/#breadcrumb\"},\"inLanguage\":\"fr-FR\",\"potentialAction\":[{\"@type\":\"ReadAction\",\"target\":[\"https:\/\/distribution.audio-technica.eu\/fr-fr\/actualites\/rme-presente-la-babyface-pro-fs\/\"]}]},{\"@type\":\"ImageObject\",\"inLanguage\":\"fr-FR\",\"@id\":\"https:\/\/distribution.audio-technica.eu\/fr-fr\/actualites\/rme-presente-la-babyface-pro-fs\/#primaryimage\",\"url\":\"\/app\/uploads\/sites\/3\/AG_RME_Babyface_Pro_FS_Perspective_XL2.jpg\",\"contentUrl\":\"\/app\/uploads\/sites\/3\/AG_RME_Babyface_Pro_FS_Perspective_XL2.jpg\",\"width\":5120,\"height\":5120},{\"@type\":\"BreadcrumbList\",\"@id\":\"https:\/\/distribution.audio-technica.eu\/fr-fr\/actualites\/rme-presente-la-babyface-pro-fs\/#breadcrumb\",\"itemListElement\":[{\"@type\":\"ListItem\",\"position\":1,\"name\":\"Products\",\"item\":\"https:\/\/distribution.audio-technica.eu\/fr-fr\/\"},{\"@type\":\"ListItem\",\"position\":2,\"name\":\"RME pr\u00e9sente la Babyface Pro FS\"}]},{\"@type\":\"WebSite\",\"@id\":\"https:\/\/distribution.audio-technica.eu\/fr-fr\/#website\",\"url\":\"https:\/\/distribution.audio-technica.eu\/fr-fr\/\",\"name\":\"FR Audio-Technica Distribution\",\"description\":\"\",\"potentialAction\":[{\"@type\":\"SearchAction\",\"target\":{\"@type\":\"EntryPoint\",\"urlTemplate\":\"https:\/\/distribution.audio-technica.eu\/fr-fr\/?s={search_term_string}\"},\"query-input\":{\"@type\":\"PropertyValueSpecification\",\"valueRequired\":true,\"valueName\":\"search_term_string\"}}],\"inLanguage\":\"fr-FR\"},{\"@type\":\"Person\",\"@id\":\"https:\/\/distribution.audio-technica.eu\/fr-fr\/#\/schema\/person\/6b6f3224dedb3cc336f57bfe82de0ff1\",\"name\":\"ballaume\",\"url\":\"https:\/\/distribution.audio-technica.eu\/fr-fr\/actualites\/author\/ballaume\/\"}]}<\/script>\n<!-- \/ Yoast SEO plugin. -->","yoast_head_json":{"title":"RME pr\u00e9sente la Babyface Pro FS - FR Audio-Technica Distribution","robots":{"index":"index","follow":"follow","max-snippet":"max-snippet:-1","max-image-preview":"max-image-preview:large","max-video-preview":"max-video-preview:-1"},"canonical":"https:\/\/distribution.audio-technica.eu\/fr-fr\/actualites\/rme-presente-la-babyface-pro-fs\/","og_locale":"fr_FR","og_type":"article","og_title":"RME pr\u00e9sente la Babyface Pro FS - FR Audio-Technica Distribution","og_description":"Il y a 4 ans, la Babyface Pro d\u00e9montrait \u00e0 nouveau tout le savoir faire de RME en mati\u00e8re de conception d&rsquo;interface audio, pas seulement au niveau des circuits \u00e9lectroniques, mais \u00e9galement au niveau de la construction et de l&rsquo;assemblage. Con\u00e7ue \u00e0 partir d&rsquo;un bloc d&rsquo;aluminium usin\u00e9 avec une grande pr\u00e9cision, cette interface nomade haut [&hellip;]","og_url":"https:\/\/distribution.audio-technica.eu\/fr-fr\/actualites\/rme-presente-la-babyface-pro-fs\/","og_site_name":"FR Audio-Technica Distribution","article_published_time":"2019-11-12T14:20:52+00:00","article_modified_time":"2019-11-13T21:48:52+00:00","og_image":[{"width":1024,"height":1024,"url":"https:\/\/distribution.audio-technica.eu\/app\/uploads\/sites\/3\/AG_RME_Babyface_Pro_FS_Perspective_XL2-1024x1024.jpg","type":"image\/jpeg"}],"author":"ballaume","twitter_card":"summary_large_image","twitter_misc":{"\u00c9crit par":"ballaume","Dur\u00e9e de lecture estim\u00e9e":"2 minutes"},"schema":{"@context":"https:\/\/schema.org","@graph":[{"@type":"Article","@id":"https:\/\/distribution.audio-technica.eu\/fr-fr\/actualites\/rme-presente-la-babyface-pro-fs\/#article","isPartOf":{"@id":"https:\/\/distribution.audio-technica.eu\/fr-fr\/actualites\/rme-presente-la-babyface-pro-fs\/"},"author":{"name":"ballaume","@id":"https:\/\/distribution.audio-technica.eu\/fr-fr\/#\/schema\/person\/6b6f3224dedb3cc336f57bfe82de0ff1"},"headline":"RME pr\u00e9sente la Babyface Pro FS","datePublished":"2019-11-12T14:20:52+00:00","dateModified":"2019-11-13T21:48:52+00:00","mainEntityOfPage":{"@id":"https:\/\/distribution.audio-technica.eu\/fr-fr\/actualites\/rme-presente-la-babyface-pro-fs\/"},"wordCount":332,"image":{"@id":"https:\/\/distribution.audio-technica.eu\/fr-fr\/actualites\/rme-presente-la-babyface-pro-fs\/#primaryimage"},"thumbnailUrl":"\/app\/uploads\/sites\/3\/AG_RME_Babyface_Pro_FS_Perspective_XL2.jpg","keywords":["Babyface Pro","Babyface Pro FS","New","Nouveaut\u00e9","RME","SteadyClock FS"],"articleSection":["RME"],"inLanguage":"fr-FR"},{"@type":"WebPage","@id":"https:\/\/distribution.audio-technica.eu\/fr-fr\/actualites\/rme-presente-la-babyface-pro-fs\/","url":"https:\/\/distribution.audio-technica.eu\/fr-fr\/actualites\/rme-presente-la-babyface-pro-fs\/","name":"RME pr\u00e9sente la Babyface Pro FS - FR Audio-Technica Distribution","isPartOf":{"@id":"https:\/\/distribution.audio-technica.eu\/fr-fr\/#website"},"primaryImageOfPage":{"@id":"https:\/\/distribution.audio-technica.eu\/fr-fr\/actualites\/rme-presente-la-babyface-pro-fs\/#primaryimage"},"image":{"@id":"https:\/\/distribution.audio-technica.eu\/fr-fr\/actualites\/rme-presente-la-babyface-pro-fs\/#primaryimage"},"thumbnailUrl":"\/app\/uploads\/sites\/3\/AG_RME_Babyface_Pro_FS_Perspective_XL2.jpg","datePublished":"2019-11-12T14:20:52+00:00","dateModified":"2019-11-13T21:48:52+00:00","author":{"@id":"https:\/\/distribution.audio-technica.eu\/fr-fr\/#\/schema\/person\/6b6f3224dedb3cc336f57bfe82de0ff1"},"breadcrumb":{"@id":"https:\/\/distribution.audio-technica.eu\/fr-fr\/actualites\/rme-presente-la-babyface-pro-fs\/#breadcrumb"},"inLanguage":"fr-FR","potentialAction":[{"@type":"ReadAction","target":["https:\/\/distribution.audio-technica.eu\/fr-fr\/actualites\/rme-presente-la-babyface-pro-fs\/"]}]},{"@type":"ImageObject","inLanguage":"fr-FR","@id":"https:\/\/distribution.audio-technica.eu\/fr-fr\/actualites\/rme-presente-la-babyface-pro-fs\/#primaryimage","url":"\/app\/uploads\/sites\/3\/AG_RME_Babyface_Pro_FS_Perspective_XL2.jpg","contentUrl":"\/app\/uploads\/sites\/3\/AG_RME_Babyface_Pro_FS_Perspective_XL2.jpg","width":5120,"height":5120},{"@type":"BreadcrumbList","@id":"https:\/\/distribution.audio-technica.eu\/fr-fr\/actualites\/rme-presente-la-babyface-pro-fs\/#breadcrumb","itemListElement":[{"@type":"ListItem","position":1,"name":"Products","item":"https:\/\/distribution.audio-technica.eu\/fr-fr\/"},{"@type":"ListItem","position":2,"name":"RME pr\u00e9sente la Babyface Pro FS"}]},{"@type":"WebSite","@id":"https:\/\/distribution.audio-technica.eu\/fr-fr\/#website","url":"https:\/\/distribution.audio-technica.eu\/fr-fr\/","name":"FR Audio-Technica Distribution","description":"","potentialAction":[{"@type":"SearchAction","target":{"@type":"EntryPoint","urlTemplate":"https:\/\/distribution.audio-technica.eu\/fr-fr\/?s={search_term_string}"},"query-input":{"@type":"PropertyValueSpecification","valueRequired":true,"valueName":"search_term_string"}}],"inLanguage":"fr-FR"},{"@type":"Person","@id":"https:\/\/distribution.audio-technica.eu\/fr-fr\/#\/schema\/person\/6b6f3224dedb3cc336f57bfe82de0ff1","name":"ballaume","url":"https:\/\/distribution.audio-technica.eu\/fr-fr\/actualites\/author\/ballaume\/"}]}},"_links":{"self":[{"href":"https:\/\/distribution.audio-technica.eu\/fr-fr\/wp-json\/wp\/v2\/posts\/10052","targetHints":{"allow":["GET"]}}],"collection":[{"href":"https:\/\/distribution.audio-technica.eu\/fr-fr\/wp-json\/wp\/v2\/posts"}],"about":[{"href":"https:\/\/distribution.audio-technica.eu\/fr-fr\/wp-json\/wp\/v2\/types\/post"}],"author":[{"embeddable":true,"href":"https:\/\/distribution.audio-technica.eu\/fr-fr\/wp-json\/wp\/v2\/users\/5"}],"replies":[{"embeddable":true,"href":"https:\/\/distribution.audio-technica.eu\/fr-fr\/wp-json\/wp\/v2\/comments?post=10052"}],"version-history":[{"count":4,"href":"https:\/\/distribution.audio-technica.eu\/fr-fr\/wp-json\/wp\/v2\/posts\/10052\/revisions"}],"predecessor-version":[{"id":10064,"href":"https:\/\/distribution.audio-technica.eu\/fr-fr\/wp-json\/wp\/v2\/posts\/10052\/revisions\/10064"}],"wp:featuredmedia":[{"embeddable":true,"href":"https:\/\/distribution.audio-technica.eu\/fr-fr\/wp-json\/wp\/v2\/media\/10053"}],"wp:attachment":[{"href":"https:\/\/distribution.audio-technica.eu\/fr-fr\/wp-json\/wp\/v2\/media?parent=10052"}],"wp:term":[{"taxonomy":"category","embeddable":true,"href":"https:\/\/distribution.audio-technica.eu\/fr-fr\/wp-json\/wp\/v2\/categories?post=10052"},{"taxonomy":"post_tag","embeddable":true,"href":"https:\/\/distribution.audio-technica.eu\/fr-fr\/wp-json\/wp\/v2\/tags?post=10052"}],"curies":[{"name":"wp","href":"https:\/\/api.w.org\/{rel}","templated":true}]}}