{"id":10103,"date":"2020-01-16T11:29:11","date_gmt":"2020-01-16T11:29:11","guid":{"rendered":"https:\/\/atdb-production.studiograft.dev\/fr\/?p=10103"},"modified":"2020-01-16T11:32:19","modified_gmt":"2020-01-16T11:32:19","slug":"les-nouveautes-rme-au-namm-2020","status":"publish","type":"post","link":"https:\/\/distribution.audio-technica.eu\/fr-fr\/actualites\/les-nouveautes-rme-au-namm-2020\/","title":{"rendered":"Les nouveaut\u00e9s RME au NAMM 2020"},"content":{"rendered":"<p>A l&rsquo;occasion du NAMM 2020, RME pr\u00e9sente plusieurs nouveaut\u00e9s avec notamment 3 nouveaux produits con\u00e7u pour les r\u00e9seaux audio AVB et une nouvelle version de l&rsquo;ADI-2 Pro FS.<\/p>\n<p><strong>12Mic &#8211; Le premier preampli micro RME pour r\u00e9seaux audio<\/strong><\/p>\n<p><img loading=\"lazy\" decoding=\"async\" class=\"size-medium wp-image-10105 aligncenter\" src=\"\/fr\/wp-content\/uploads\/sites\/3\/RME_12MIC_Perspective-300x169.jpg\" alt=\"\" width=\"300\" height=\"169\" srcset=\"https:\/\/distribution.audio-technica.eu\/app\/uploads\/sites\/3\/RME_12MIC_Perspective-300x169.jpg 300w, https:\/\/distribution.audio-technica.eu\/app\/uploads\/sites\/3\/RME_12MIC_Perspective-768x432.jpg 768w, https:\/\/distribution.audio-technica.eu\/app\/uploads\/sites\/3\/RME_12MIC_Perspective-1024x576.jpg 1024w, https:\/\/distribution.audio-technica.eu\/app\/uploads\/sites\/3\/RME_12MIC_Perspective-200x113.jpg 200w, https:\/\/distribution.audio-technica.eu\/app\/uploads\/sites\/3\/RME_12MIC_Perspective-400x225.jpg 400w, https:\/\/distribution.audio-technica.eu\/app\/uploads\/sites\/3\/RME_12MIC_Perspective-600x338.jpg 600w, https:\/\/distribution.audio-technica.eu\/app\/uploads\/sites\/3\/RME_12MIC_Perspective-800x450.jpg 800w, https:\/\/distribution.audio-technica.eu\/app\/uploads\/sites\/3\/RME_12MIC_Perspective-1200x675.jpg 1200w\" sizes=\"auto, (max-width: 300px) 100vw, 300px\" \/><\/p>\n<p>Le RME 12Mic est pr\u00e9ampli micro 12 canaux pilotable \u00e0 distance \u00e9quip\u00e9 d&rsquo;un syst\u00e8me de conversion sans compromis, qui int\u00e8gre des connexions AVB et MADI ainsi que de nombreuses fonctionnalit\u00e9s pour en faire le compagnon id\u00e9al de tout enregistrement professionnel.<\/p>\n<p>Prix public conseill\u00e9 : 2590\u20ac TTC<\/p>\n<p>Disponibilit\u00e9 : 2\u00e8me trimestre 2020<\/p>\n<p>&nbsp;<\/p>\n<p><strong>AVB Tools &#8211; Routeur, pr\u00e9ampli, convertisseur AVB \/ MADI et bien plus encore&#8230;<\/strong><\/p>\n<p><img loading=\"lazy\" decoding=\"async\" class=\"size-medium wp-image-10106 aligncenter\" src=\"\/fr\/wp-content\/uploads\/sites\/3\/RME_AVBTool_Perspective-300x169.jpg\" alt=\"\" width=\"300\" height=\"169\" srcset=\"https:\/\/distribution.audio-technica.eu\/app\/uploads\/sites\/3\/RME_AVBTool_Perspective-300x169.jpg 300w, https:\/\/distribution.audio-technica.eu\/app\/uploads\/sites\/3\/RME_AVBTool_Perspective-768x432.jpg 768w, https:\/\/distribution.audio-technica.eu\/app\/uploads\/sites\/3\/RME_AVBTool_Perspective-1024x576.jpg 1024w, https:\/\/distribution.audio-technica.eu\/app\/uploads\/sites\/3\/RME_AVBTool_Perspective-200x113.jpg 200w, https:\/\/distribution.audio-technica.eu\/app\/uploads\/sites\/3\/RME_AVBTool_Perspective-400x225.jpg 400w, https:\/\/distribution.audio-technica.eu\/app\/uploads\/sites\/3\/RME_AVBTool_Perspective-600x338.jpg 600w, https:\/\/distribution.audio-technica.eu\/app\/uploads\/sites\/3\/RME_AVBTool_Perspective-800x450.jpg 800w, https:\/\/distribution.audio-technica.eu\/app\/uploads\/sites\/3\/RME_AVBTool_Perspective-1200x675.jpg 1200w\" sizes=\"auto, (max-width: 300px) 100vw, 300px\" \/><\/p>\n<p>La RME AVB Tools propose 128 canaux AVB, jusqu&rsquo;\u00e0 128 canaux MADI, 4 entr\u00e9es analogiques avec pr\u00e9ampli micro, entr\u00e9e instrument et entr\u00e9e ligne, le tout avec une conversion de premier plan, et le m\u00eame nombre de sorties analogiques avec sortie casque et sortie ligne. Une outil polyvalent pour s&rsquo;adapter \u00e0 une grande vari\u00e9t\u00e9 d&rsquo;applications.<\/p>\n<p>Prix public conseill\u00e9 : 1590\u20ac TTC<\/p>\n<p>Disponibilit\u00e9 : 2\u00e8me trimestre 2020<\/p>\n<p>&nbsp;<\/p>\n<p><strong>M-1610 Pro &#8211; simplicit\u00e9, flexibilit\u00e9 et fiabilit\u00e9<\/strong><\/p>\n<p><img loading=\"lazy\" decoding=\"async\" class=\"size-medium wp-image-10109 aligncenter\" src=\"\/fr\/wp-content\/uploads\/sites\/3\/M-1610-Pro-300x58.png\" alt=\"\" width=\"300\" height=\"58\" srcset=\"https:\/\/distribution.audio-technica.eu\/app\/uploads\/sites\/3\/M-1610-Pro-300x58.png 300w, https:\/\/distribution.audio-technica.eu\/app\/uploads\/sites\/3\/M-1610-Pro-768x148.png 768w, https:\/\/distribution.audio-technica.eu\/app\/uploads\/sites\/3\/M-1610-Pro-200x39.png 200w, https:\/\/distribution.audio-technica.eu\/app\/uploads\/sites\/3\/M-1610-Pro-400x77.png 400w, https:\/\/distribution.audio-technica.eu\/app\/uploads\/sites\/3\/M-1610-Pro-600x116.png 600w, https:\/\/distribution.audio-technica.eu\/app\/uploads\/sites\/3\/M-1610-Pro-800x154.png 800w, https:\/\/distribution.audio-technica.eu\/app\/uploads\/sites\/3\/M-1610-Pro.png 1000w\" sizes=\"auto, (max-width: 300px) 100vw, 300px\" \/><\/p>\n<p>Le RME M-1610 Pro combine 16 entr\u00e9es analogiques avec 8 sorties analogiques, le tout en niveau ligne sym\u00e9trique, une sortie casque st\u00e9r\u00e9o, des ports AVB redondants, jusqu&rsquo;\u00e0 2 ports MADI, des sorties ADAT, un contr\u00f4le \u00e0 distance gr\u00e2ce depuis une interface web et deux alimentations internes. Le M-1610 Pro donne acc\u00e8s aux performances du M-32 Pro \u00e0 un tarif attractif.<\/p>\n<p>Prix public conseill\u00e9 : 2690\u20ac TTC<\/p>\n<p>Disponibilit\u00e9 : 2\u00e8me trimestre 2020<\/p>\n<p>&nbsp;<\/p>\n<p><strong>ADI-2 Pro FS R Black Edition<\/strong><\/p>\n<p><img loading=\"lazy\" decoding=\"async\" class=\"size-medium wp-image-10110 aligncenter\" src=\"\/fr\/wp-content\/uploads\/sites\/3\/RME_ADI-2-ProFSr-remote-black-300x300.png\" alt=\"\" width=\"300\" height=\"300\" srcset=\"https:\/\/distribution.audio-technica.eu\/app\/uploads\/sites\/3\/RME_ADI-2-ProFSr-remote-black-300x300.png 300w, https:\/\/distribution.audio-technica.eu\/app\/uploads\/sites\/3\/RME_ADI-2-ProFSr-remote-black-150x150.png 150w, https:\/\/distribution.audio-technica.eu\/app\/uploads\/sites\/3\/RME_ADI-2-ProFSr-remote-black-768x770.png 768w, https:\/\/distribution.audio-technica.eu\/app\/uploads\/sites\/3\/RME_ADI-2-ProFSr-remote-black-1022x1024.png 1022w, https:\/\/distribution.audio-technica.eu\/app\/uploads\/sites\/3\/RME_ADI-2-ProFSr-remote-black-66x66.png 66w, https:\/\/distribution.audio-technica.eu\/app\/uploads\/sites\/3\/RME_ADI-2-ProFSr-remote-black-200x200.png 200w, https:\/\/distribution.audio-technica.eu\/app\/uploads\/sites\/3\/RME_ADI-2-ProFSr-remote-black-400x401.png 400w, https:\/\/distribution.audio-technica.eu\/app\/uploads\/sites\/3\/RME_ADI-2-ProFSr-remote-black-600x601.png 600w, https:\/\/distribution.audio-technica.eu\/app\/uploads\/sites\/3\/RME_ADI-2-ProFSr-remote-black-800x802.png 800w, https:\/\/distribution.audio-technica.eu\/app\/uploads\/sites\/3\/RME_ADI-2-ProFSr-remote-black-1200x1203.png 1200w, https:\/\/distribution.audio-technica.eu\/app\/uploads\/sites\/3\/RME_ADI-2-ProFSr-remote-black-100x100.png 100w\" sizes=\"auto, (max-width: 300px) 100vw, 300px\" \/><\/p>\n<p>RME pr\u00e9sente le nouvel ADI-2 Pro FS R Black Edition, la mise \u00e0 jour du convertisseur haut de gamme ADI-2 Pro FS. Il int\u00e8gre des am\u00e9liorations des sp\u00e9cifications techniques ainsi que le support de la t\u00e9l\u00e9commande infrarouge.<\/p>\n<p>L&rsquo;ADI-2 Pro FS Black Edition int\u00e8gre l&rsquo;AK4493, le chipset utilis\u00e9 dans l&rsquo;ADI-2 DAC qui permet une r\u00e9duction significative du THS et am\u00e9liore le rapport signal bruit de 3 dB au niveau de la conversion num\u00e9rique \/ analogique. Le design du circuit \u00e9lectronique offre une\u00a0r\u00e9serve de dynamique de 2,5 dB pour les sorties analogiques qui permet d\u2019atteindre un g\u00e9n\u00e9reux +4 dBFS sans aucune distorsion.<\/p>\n<p>Tout comme l&rsquo;ADI-2 DAC, l&rsquo;ADI-2 Pro FS R Black Edition apporte le contr\u00f4le par t\u00e9l\u00e9commande infrarouge. Il inclut la toute nouvelle t\u00e9l\u00e9commande RME Multi-Remote-Contol qui permet un contr\u00f4le parfait des ADI-2 DAC et ADI-2 Pro. En plus des boutons d\u00e9di\u00e9s pour la mise en veille, le volume, le mute, les r\u00e9glages bass \/ treeble, la s\u00e9lection d&rsquo;entr\u00e9es, elle poss\u00e8de 7 boutons param\u00e9trables qui\u00a0peuvent \u00eatre configur\u00e9s parmi une s\u00e9lection de 32 commandes \/ actions pr\u00e9d\u00e9finies. L&rsquo;ADI-2 Pro FS BE est \u00e9galement compatible avec les t\u00e9l\u00e9commandes IR telles que la Logitech Harmony.<\/p>\n<p>Prix public conseill\u00e9 : 1799\u20ac TTC<\/p>\n<p>Disponibilit\u00e9 : F\u00e9vrier 2020<\/p>\n","protected":false},"excerpt":{"rendered":"<p>A l&rsquo;occasion du NAMM 2020, RME pr\u00e9sente plusieurs nouveaut\u00e9s avec notamment 3 nouveaux produits con\u00e7u pour les r\u00e9seaux audio AVB et une nouvelle version de l&rsquo;ADI-2 Pro FS. 12Mic &#8211; Le premier preampli micro RME pour r\u00e9seaux audio Le RME 12Mic est pr\u00e9ampli micro 12 canaux pilotable \u00e0 distance \u00e9quip\u00e9 d&rsquo;un syst\u00e8me de conversion sans [&hellip;]<\/p>\n","protected":false},"author":5,"featured_media":10104,"comment_status":"closed","ping_status":"closed","sticky":false,"template":"","format":"standard","meta":{"_acf_changed":false,"footnotes":""},"categories":[1909],"tags":[1938,2025,1940,1941,1870,10,2077,1977],"class_list":["post-10103","post","type-post","status-publish","format-standard","has-post-thumbnail","hentry","category-rme","tag-audio-over-ip","tag-audio-sur-ip","tag-avb","tag-avb-tsn","tag-namm","tag-namm-show","tag-new","tag-rme"],"acf":[],"yoast_head":"<!-- This site is optimized with the Yoast SEO plugin v27.1.1 - https:\/\/yoast.com\/product\/yoast-seo-wordpress\/ -->\n<title>Les nouveaut\u00e9s RME au NAMM 2020 - FR Audio-Technica Distribution<\/title>\n<meta name=\"robots\" content=\"index, follow, max-snippet:-1, max-image-preview:large, max-video-preview:-1\" \/>\n<link rel=\"canonical\" href=\"https:\/\/distribution.audio-technica.eu\/fr-fr\/actualites\/les-nouveautes-rme-au-namm-2020\/\" \/>\n<meta property=\"og:locale\" content=\"fr_FR\" \/>\n<meta property=\"og:type\" content=\"article\" \/>\n<meta property=\"og:title\" content=\"Les nouveaut\u00e9s RME au NAMM 2020 - FR Audio-Technica Distribution\" \/>\n<meta property=\"og:description\" content=\"A l&rsquo;occasion du NAMM 2020, RME pr\u00e9sente plusieurs nouveaut\u00e9s avec notamment 3 nouveaux produits con\u00e7u pour les r\u00e9seaux audio AVB et une nouvelle version de l&rsquo;ADI-2 Pro FS. 12Mic &#8211; Le premier preampli micro RME pour r\u00e9seaux audio Le RME 12Mic est pr\u00e9ampli micro 12 canaux pilotable \u00e0 distance \u00e9quip\u00e9 d&rsquo;un syst\u00e8me de conversion sans [&hellip;]\" \/>\n<meta property=\"og:url\" content=\"https:\/\/distribution.audio-technica.eu\/fr-fr\/actualites\/les-nouveautes-rme-au-namm-2020\/\" \/>\n<meta property=\"og:site_name\" content=\"FR Audio-Technica Distribution\" \/>\n<meta property=\"article:published_time\" content=\"2020-01-16T11:29:11+00:00\" \/>\n<meta property=\"article:modified_time\" content=\"2020-01-16T11:32:19+00:00\" \/>\n<meta property=\"og:image\" content=\"https:\/\/distribution.audio-technica.eu\/app\/uploads\/sites\/3\/AVB-Series.jpg\" \/>\n\t<meta property=\"og:image:width\" content=\"1920\" \/>\n\t<meta property=\"og:image:height\" content=\"1080\" \/>\n\t<meta property=\"og:image:type\" content=\"image\/jpeg\" \/>\n<meta name=\"author\" content=\"ballaume\" \/>\n<meta name=\"twitter:card\" content=\"summary_large_image\" \/>\n<meta name=\"twitter:label1\" content=\"\u00c9crit par\" \/>\n\t<meta name=\"twitter:data1\" content=\"ballaume\" \/>\n\t<meta name=\"twitter:label2\" content=\"Dur\u00e9e de lecture estim\u00e9e\" \/>\n\t<meta name=\"twitter:data2\" content=\"2 minutes\" \/>\n<script type=\"application\/ld+json\" class=\"yoast-schema-graph\">{\"@context\":\"https:\/\/schema.org\",\"@graph\":[{\"@type\":\"Article\",\"@id\":\"https:\/\/distribution.audio-technica.eu\/fr-fr\/actualites\/les-nouveautes-rme-au-namm-2020\/#article\",\"isPartOf\":{\"@id\":\"https:\/\/distribution.audio-technica.eu\/fr-fr\/actualites\/les-nouveautes-rme-au-namm-2020\/\"},\"author\":{\"name\":\"ballaume\",\"@id\":\"https:\/\/distribution.audio-technica.eu\/fr-fr\/#\/schema\/person\/6b6f3224dedb3cc336f57bfe82de0ff1\"},\"headline\":\"Les nouveaut\u00e9s RME au NAMM 2020\",\"datePublished\":\"2020-01-16T11:29:11+00:00\",\"dateModified\":\"2020-01-16T11:32:19+00:00\",\"mainEntityOfPage\":{\"@id\":\"https:\/\/distribution.audio-technica.eu\/fr-fr\/actualites\/les-nouveautes-rme-au-namm-2020\/\"},\"wordCount\":493,\"image\":{\"@id\":\"https:\/\/distribution.audio-technica.eu\/fr-fr\/actualites\/les-nouveautes-rme-au-namm-2020\/#primaryimage\"},\"thumbnailUrl\":\"\/app\/uploads\/sites\/3\/AVB-Series.jpg\",\"keywords\":[\"Audio over IP\",\"Audio sur IP\",\"AVB\",\"AVB\/TSN\",\"NAMM\",\"Namm show\",\"New\",\"RME\"],\"articleSection\":[\"RME\"],\"inLanguage\":\"fr-FR\"},{\"@type\":\"WebPage\",\"@id\":\"https:\/\/distribution.audio-technica.eu\/fr-fr\/actualites\/les-nouveautes-rme-au-namm-2020\/\",\"url\":\"https:\/\/distribution.audio-technica.eu\/fr-fr\/actualites\/les-nouveautes-rme-au-namm-2020\/\",\"name\":\"Les nouveaut\u00e9s RME au NAMM 2020 - FR Audio-Technica Distribution\",\"isPartOf\":{\"@id\":\"https:\/\/distribution.audio-technica.eu\/fr-fr\/#website\"},\"primaryImageOfPage\":{\"@id\":\"https:\/\/distribution.audio-technica.eu\/fr-fr\/actualites\/les-nouveautes-rme-au-namm-2020\/#primaryimage\"},\"image\":{\"@id\":\"https:\/\/distribution.audio-technica.eu\/fr-fr\/actualites\/les-nouveautes-rme-au-namm-2020\/#primaryimage\"},\"thumbnailUrl\":\"\/app\/uploads\/sites\/3\/AVB-Series.jpg\",\"datePublished\":\"2020-01-16T11:29:11+00:00\",\"dateModified\":\"2020-01-16T11:32:19+00:00\",\"author\":{\"@id\":\"https:\/\/distribution.audio-technica.eu\/fr-fr\/#\/schema\/person\/6b6f3224dedb3cc336f57bfe82de0ff1\"},\"breadcrumb\":{\"@id\":\"https:\/\/distribution.audio-technica.eu\/fr-fr\/actualites\/les-nouveautes-rme-au-namm-2020\/#breadcrumb\"},\"inLanguage\":\"fr-FR\",\"potentialAction\":[{\"@type\":\"ReadAction\",\"target\":[\"https:\/\/distribution.audio-technica.eu\/fr-fr\/actualites\/les-nouveautes-rme-au-namm-2020\/\"]}]},{\"@type\":\"ImageObject\",\"inLanguage\":\"fr-FR\",\"@id\":\"https:\/\/distribution.audio-technica.eu\/fr-fr\/actualites\/les-nouveautes-rme-au-namm-2020\/#primaryimage\",\"url\":\"\/app\/uploads\/sites\/3\/AVB-Series.jpg\",\"contentUrl\":\"\/app\/uploads\/sites\/3\/AVB-Series.jpg\",\"width\":1920,\"height\":1080},{\"@type\":\"BreadcrumbList\",\"@id\":\"https:\/\/distribution.audio-technica.eu\/fr-fr\/actualites\/les-nouveautes-rme-au-namm-2020\/#breadcrumb\",\"itemListElement\":[{\"@type\":\"ListItem\",\"position\":1,\"name\":\"Products\",\"item\":\"https:\/\/distribution.audio-technica.eu\/fr-fr\/\"},{\"@type\":\"ListItem\",\"position\":2,\"name\":\"Les nouveaut\u00e9s RME au NAMM 2020\"}]},{\"@type\":\"WebSite\",\"@id\":\"https:\/\/distribution.audio-technica.eu\/fr-fr\/#website\",\"url\":\"https:\/\/distribution.audio-technica.eu\/fr-fr\/\",\"name\":\"FR Audio-Technica Distribution\",\"description\":\"\",\"potentialAction\":[{\"@type\":\"SearchAction\",\"target\":{\"@type\":\"EntryPoint\",\"urlTemplate\":\"https:\/\/distribution.audio-technica.eu\/fr-fr\/?s={search_term_string}\"},\"query-input\":{\"@type\":\"PropertyValueSpecification\",\"valueRequired\":true,\"valueName\":\"search_term_string\"}}],\"inLanguage\":\"fr-FR\"},{\"@type\":\"Person\",\"@id\":\"https:\/\/distribution.audio-technica.eu\/fr-fr\/#\/schema\/person\/6b6f3224dedb3cc336f57bfe82de0ff1\",\"name\":\"ballaume\",\"url\":\"https:\/\/distribution.audio-technica.eu\/fr-fr\/actualites\/author\/ballaume\/\"}]}<\/script>\n<!-- \/ Yoast SEO plugin. -->","yoast_head_json":{"title":"Les nouveaut\u00e9s RME au NAMM 2020 - FR Audio-Technica Distribution","robots":{"index":"index","follow":"follow","max-snippet":"max-snippet:-1","max-image-preview":"max-image-preview:large","max-video-preview":"max-video-preview:-1"},"canonical":"https:\/\/distribution.audio-technica.eu\/fr-fr\/actualites\/les-nouveautes-rme-au-namm-2020\/","og_locale":"fr_FR","og_type":"article","og_title":"Les nouveaut\u00e9s RME au NAMM 2020 - FR Audio-Technica Distribution","og_description":"A l&rsquo;occasion du NAMM 2020, RME pr\u00e9sente plusieurs nouveaut\u00e9s avec notamment 3 nouveaux produits con\u00e7u pour les r\u00e9seaux audio AVB et une nouvelle version de l&rsquo;ADI-2 Pro FS. 12Mic &#8211; Le premier preampli micro RME pour r\u00e9seaux audio Le RME 12Mic est pr\u00e9ampli micro 12 canaux pilotable \u00e0 distance \u00e9quip\u00e9 d&rsquo;un syst\u00e8me de conversion sans [&hellip;]","og_url":"https:\/\/distribution.audio-technica.eu\/fr-fr\/actualites\/les-nouveautes-rme-au-namm-2020\/","og_site_name":"FR Audio-Technica Distribution","article_published_time":"2020-01-16T11:29:11+00:00","article_modified_time":"2020-01-16T11:32:19+00:00","og_image":[{"width":1920,"height":1080,"url":"https:\/\/distribution.audio-technica.eu\/app\/uploads\/sites\/3\/AVB-Series.jpg","type":"image\/jpeg"}],"author":"ballaume","twitter_card":"summary_large_image","twitter_misc":{"\u00c9crit par":"ballaume","Dur\u00e9e de lecture estim\u00e9e":"2 minutes"},"schema":{"@context":"https:\/\/schema.org","@graph":[{"@type":"Article","@id":"https:\/\/distribution.audio-technica.eu\/fr-fr\/actualites\/les-nouveautes-rme-au-namm-2020\/#article","isPartOf":{"@id":"https:\/\/distribution.audio-technica.eu\/fr-fr\/actualites\/les-nouveautes-rme-au-namm-2020\/"},"author":{"name":"ballaume","@id":"https:\/\/distribution.audio-technica.eu\/fr-fr\/#\/schema\/person\/6b6f3224dedb3cc336f57bfe82de0ff1"},"headline":"Les nouveaut\u00e9s RME au NAMM 2020","datePublished":"2020-01-16T11:29:11+00:00","dateModified":"2020-01-16T11:32:19+00:00","mainEntityOfPage":{"@id":"https:\/\/distribution.audio-technica.eu\/fr-fr\/actualites\/les-nouveautes-rme-au-namm-2020\/"},"wordCount":493,"image":{"@id":"https:\/\/distribution.audio-technica.eu\/fr-fr\/actualites\/les-nouveautes-rme-au-namm-2020\/#primaryimage"},"thumbnailUrl":"\/app\/uploads\/sites\/3\/AVB-Series.jpg","keywords":["Audio over IP","Audio sur IP","AVB","AVB\/TSN","NAMM","Namm show","New","RME"],"articleSection":["RME"],"inLanguage":"fr-FR"},{"@type":"WebPage","@id":"https:\/\/distribution.audio-technica.eu\/fr-fr\/actualites\/les-nouveautes-rme-au-namm-2020\/","url":"https:\/\/distribution.audio-technica.eu\/fr-fr\/actualites\/les-nouveautes-rme-au-namm-2020\/","name":"Les nouveaut\u00e9s RME au NAMM 2020 - FR Audio-Technica Distribution","isPartOf":{"@id":"https:\/\/distribution.audio-technica.eu\/fr-fr\/#website"},"primaryImageOfPage":{"@id":"https:\/\/distribution.audio-technica.eu\/fr-fr\/actualites\/les-nouveautes-rme-au-namm-2020\/#primaryimage"},"image":{"@id":"https:\/\/distribution.audio-technica.eu\/fr-fr\/actualites\/les-nouveautes-rme-au-namm-2020\/#primaryimage"},"thumbnailUrl":"\/app\/uploads\/sites\/3\/AVB-Series.jpg","datePublished":"2020-01-16T11:29:11+00:00","dateModified":"2020-01-16T11:32:19+00:00","author":{"@id":"https:\/\/distribution.audio-technica.eu\/fr-fr\/#\/schema\/person\/6b6f3224dedb3cc336f57bfe82de0ff1"},"breadcrumb":{"@id":"https:\/\/distribution.audio-technica.eu\/fr-fr\/actualites\/les-nouveautes-rme-au-namm-2020\/#breadcrumb"},"inLanguage":"fr-FR","potentialAction":[{"@type":"ReadAction","target":["https:\/\/distribution.audio-technica.eu\/fr-fr\/actualites\/les-nouveautes-rme-au-namm-2020\/"]}]},{"@type":"ImageObject","inLanguage":"fr-FR","@id":"https:\/\/distribution.audio-technica.eu\/fr-fr\/actualites\/les-nouveautes-rme-au-namm-2020\/#primaryimage","url":"\/app\/uploads\/sites\/3\/AVB-Series.jpg","contentUrl":"\/app\/uploads\/sites\/3\/AVB-Series.jpg","width":1920,"height":1080},{"@type":"BreadcrumbList","@id":"https:\/\/distribution.audio-technica.eu\/fr-fr\/actualites\/les-nouveautes-rme-au-namm-2020\/#breadcrumb","itemListElement":[{"@type":"ListItem","position":1,"name":"Products","item":"https:\/\/distribution.audio-technica.eu\/fr-fr\/"},{"@type":"ListItem","position":2,"name":"Les nouveaut\u00e9s RME au NAMM 2020"}]},{"@type":"WebSite","@id":"https:\/\/distribution.audio-technica.eu\/fr-fr\/#website","url":"https:\/\/distribution.audio-technica.eu\/fr-fr\/","name":"FR Audio-Technica Distribution","description":"","potentialAction":[{"@type":"SearchAction","target":{"@type":"EntryPoint","urlTemplate":"https:\/\/distribution.audio-technica.eu\/fr-fr\/?s={search_term_string}"},"query-input":{"@type":"PropertyValueSpecification","valueRequired":true,"valueName":"search_term_string"}}],"inLanguage":"fr-FR"},{"@type":"Person","@id":"https:\/\/distribution.audio-technica.eu\/fr-fr\/#\/schema\/person\/6b6f3224dedb3cc336f57bfe82de0ff1","name":"ballaume","url":"https:\/\/distribution.audio-technica.eu\/fr-fr\/actualites\/author\/ballaume\/"}]}},"_links":{"self":[{"href":"https:\/\/distribution.audio-technica.eu\/fr-fr\/wp-json\/wp\/v2\/posts\/10103","targetHints":{"allow":["GET"]}}],"collection":[{"href":"https:\/\/distribution.audio-technica.eu\/fr-fr\/wp-json\/wp\/v2\/posts"}],"about":[{"href":"https:\/\/distribution.audio-technica.eu\/fr-fr\/wp-json\/wp\/v2\/types\/post"}],"author":[{"embeddable":true,"href":"https:\/\/distribution.audio-technica.eu\/fr-fr\/wp-json\/wp\/v2\/users\/5"}],"replies":[{"embeddable":true,"href":"https:\/\/distribution.audio-technica.eu\/fr-fr\/wp-json\/wp\/v2\/comments?post=10103"}],"version-history":[{"count":5,"href":"https:\/\/distribution.audio-technica.eu\/fr-fr\/wp-json\/wp\/v2\/posts\/10103\/revisions"}],"predecessor-version":[{"id":10113,"href":"https:\/\/distribution.audio-technica.eu\/fr-fr\/wp-json\/wp\/v2\/posts\/10103\/revisions\/10113"}],"wp:featuredmedia":[{"embeddable":true,"href":"https:\/\/distribution.audio-technica.eu\/fr-fr\/wp-json\/wp\/v2\/media\/10104"}],"wp:attachment":[{"href":"https:\/\/distribution.audio-technica.eu\/fr-fr\/wp-json\/wp\/v2\/media?parent=10103"}],"wp:term":[{"taxonomy":"category","embeddable":true,"href":"https:\/\/distribution.audio-technica.eu\/fr-fr\/wp-json\/wp\/v2\/categories?post=10103"},{"taxonomy":"post_tag","embeddable":true,"href":"https:\/\/distribution.audio-technica.eu\/fr-fr\/wp-json\/wp\/v2\/tags?post=10103"}],"curies":[{"name":"wp","href":"https:\/\/api.w.org\/{rel}","templated":true}]}}