{"id":188,"date":"2018-04-09T18:18:17","date_gmt":"2018-04-09T16:18:17","guid":{"rendered":"https:\/\/news.audio-technica.fr\/?p=188"},"modified":"2018-09-19T12:10:05","modified_gmt":"2018-09-19T11:10:05","slug":"rme-presente-la-digiface-avb","status":"publish","type":"post","link":"https:\/\/distribution.audio-technica.eu\/fr-fr\/actualites\/rme-presente-la-digiface-avb\/","title":{"rendered":"RME pr\u00e9sente la Digiface AVB"},"content":{"rendered":"<figure id=\"attachment_189\" aria-describedby=\"caption-attachment-189\" style=\"width: 1000px\" class=\"wp-caption aligncenter\"><img loading=\"lazy\" decoding=\"async\" class=\"wp-image-189 size-full\" src=\"\/fr\/wp-content\/uploads\/sites\/3\/Digiface-AVB.png\" alt=\"RME Digiface AVB\" width=\"1000\" height=\"522\" srcset=\"https:\/\/distribution.audio-technica.eu\/app\/uploads\/sites\/3\/Digiface-AVB.png 1000w, https:\/\/distribution.audio-technica.eu\/app\/uploads\/sites\/3\/Digiface-AVB-300x157.png 300w, https:\/\/distribution.audio-technica.eu\/app\/uploads\/sites\/3\/Digiface-AVB-768x401.png 768w, https:\/\/distribution.audio-technica.eu\/app\/uploads\/sites\/3\/Digiface-AVB-200x104.png 200w, https:\/\/distribution.audio-technica.eu\/app\/uploads\/sites\/3\/Digiface-AVB-400x209.png 400w, https:\/\/distribution.audio-technica.eu\/app\/uploads\/sites\/3\/Digiface-AVB-600x313.png 600w, https:\/\/distribution.audio-technica.eu\/app\/uploads\/sites\/3\/Digiface-AVB-800x418.png 800w\" sizes=\"auto, (max-width: 1000px) 100vw, 1000px\" \/><figcaption id=\"caption-attachment-189\" class=\"wp-caption-text\">RME Digiface AVB<\/figcaption><\/figure>\n<p>A l&rsquo;occasion du Musikmesse 2018, RME pr\u00e9sente la Digiface AVB, sa nouvelle interface audio mobile USB 3.0 256 canaux \u00e0 192kHz bas\u00e9e sur le standard AVB (Audio Video Bridge). Cette interface utilise l&rsquo;AVB, un protocole ouvert d\u00e9velopp\u00e9 par l&rsquo;IEEE (Institute of Electrical and Electronics Engineers) et permet de transporter 256 canaux entre un PC Windows et d&rsquo;autres appareils \u00a0AVB pr\u00e9sents sur le m\u00eame r\u00e9seau Gigabit via un simple c\u00e2ble USB 3.0.<\/p>\n<h4>Explorer de nouvelles fa\u00e7ons de transporter l&rsquo;audio<\/h4>\n<p>La Digiface AVB d\u00e9montre comment l&rsquo;audio peut \u00eatre transf\u00e9rer depuis un PC vers un r\u00e9seau audio et inversement en utilisant le protocole AVB. Alors que l&rsquo;AVB est d\u00e9j\u00e0 int\u00e9gr\u00e9 \u00e0 Mac OS, la Digiface permet d&rsquo;apporter ce type de fonctionnalit\u00e9 aux PC sous Windows. Equip\u00e9e d&rsquo;un port USB 3.0, elle permet d&rsquo;envoyer 128 canaux \u00e0 une fr\u00e9quence d&rsquo;\u00e9chantillonnage de 192 kHz dans un r\u00e9seau AVB et de revoir 128 canaux depuis ce m\u00eame r\u00e9seau.<img loading=\"lazy\" decoding=\"async\" class=\" wp-image-190 aligncenter\" src=\"\/fr\/wp-content\/uploads\/sites\/3\/Digiface-AVB-C.png\" alt=\"\" width=\"744\" height=\"261\" srcset=\"https:\/\/distribution.audio-technica.eu\/app\/uploads\/sites\/3\/Digiface-AVB-C.png 1000w, https:\/\/distribution.audio-technica.eu\/app\/uploads\/sites\/3\/Digiface-AVB-C-300x105.png 300w, https:\/\/distribution.audio-technica.eu\/app\/uploads\/sites\/3\/Digiface-AVB-C-768x270.png 768w, https:\/\/distribution.audio-technica.eu\/app\/uploads\/sites\/3\/Digiface-AVB-C-200x70.png 200w, https:\/\/distribution.audio-technica.eu\/app\/uploads\/sites\/3\/Digiface-AVB-C-400x140.png 400w, https:\/\/distribution.audio-technica.eu\/app\/uploads\/sites\/3\/Digiface-AVB-C-600x211.png 600w, https:\/\/distribution.audio-technica.eu\/app\/uploads\/sites\/3\/Digiface-AVB-C-800x281.png 800w\" sizes=\"auto, (max-width: 744px) 100vw, 744px\" \/><\/p>\n<p>Les canaux sont organis\u00e9s en streams, enti\u00e8rement personnalisables, pouvant all\u00e9s de 2 \u00e0 32 canaux et qui sont automatiquement reconnus par tous les appareils AVB du march\u00e9. Parmi les logiciels livr\u00e9s avec l&rsquo;interface, on trouve un contr\u00f4leur\u00a0AVDECC qui fournit tous les outils de base pour visualiser les appareils AVB disponibles sur un r\u00e9seau et g\u00e9rer les streams entrants et sortants. La gestion du monitoring est \u00e9galement de la partie gr\u00e2ce \u00e0 la prise casque int\u00e9gr\u00e9e et \u00e0 TotalMix FX qui assure \u00e9galement les fonctions de routing avanc\u00e9es.<\/p>\n<h4>TotalMix FX et TotalMix Remote<\/h4>\n<p>Comme toutes les interfaces RME, la s\u00e9rie des Digiface le puissant mixeur en temps r\u00e9el TotalMix FX. Il permet quasiment toutes les op\u00e9rations de mix et de routing et int\u00e8gre toutes les entr\u00e9es physiques et tous les retours logiciels en plus des sorties physiques.<\/p>\n<p>La Digiface AVB comprend une section \u00ab\u00a0Control Room\u00a0\u00bb d\u00e9di\u00e9e avec des fonctionnalit\u00e9s de Talkback, des groupe de faders et de mute, et est enti\u00e8rement contr\u00f4lable via les protocole Mackie et OSC. La s\u00e9rie des Digiface n&rsquo;int\u00e8gre pas d&rsquo;effets bas\u00e9s sur les ressources DSP comme les \u00e9galiseurs ou la r\u00e9verb\u00e9ration.<\/p>\n<p>Enfin, TotalMix Remote, le tout dernier logiciel de RME, augmente encore la possibilit\u00e9s des interfaces RME en permettant un contr\u00f4le \u00e0 distance (filaire ou wi-fi) depuis iOS, PC ou Mac. Gr\u00e2ce \u00e0 un processus simplifi\u00e9, il suffit d&rsquo;entrer simplement l&rsquo;adresse IP de l&rsquo;ordinateur que \u00e0 contr\u00f4ler avec TotalMix Remote et le tour est jou\u00e9 ! Les utilisateurs peuvent rapidement prendre le contr\u00f4le de TotalMix FX \u00e0 distance et se d\u00e9placer dans le studio avec leur tablette par exemple.<\/p>\n<p>Disponibilit\u00e9 : octobre 2018<\/p>\n<p>Prix public conseill\u00e9 : 899\u20ac TTC<\/p>\n<h4>Caract\u00e9ristiques :<\/h4>\n<ul>\n<li>256 canaux : 128 entr\u00e9es \/ 128 sorties<\/li>\n<li>16 Streams d&rsquo;entr\u00e9e \/ 16 Streams de sortie<\/li>\n<li>Connecteur Gigabit (compatible 802.3)<\/li>\n<li>Sortie casque<\/li>\n<li>E\/S word clock<\/li>\n<li>USB 3.0<\/li>\n<li>Aliment\u00e9e par le bus US<\/li>\n<li>IEEE 802.1 BA compatible AVB Stack<\/li>\n<li>IEEE 1722 AVTP \/ 1722.1 AVDECC compliant<\/li>\n<li>TotalMix FX\n<div class=\"page\" title=\"Page 1\">\n<div class=\"section\">\n<div class=\"layoutArea\">\n<div class=\"column\"><\/div>\n<\/div>\n<\/div>\n<\/div>\n<\/li>\n<\/ul>\n","protected":false},"excerpt":{"rendered":"<p>A l&rsquo;occasion du Musikmesse 2018, RME pr\u00e9sente la Digiface AVB, sa nouvelle interface audio mobile USB 3.0 256 canaux \u00e0 192kHz bas\u00e9e sur le standard AVB (Audio Video Bridge). Cette interface utilise l&rsquo;AVB, un protocole ouvert d\u00e9velopp\u00e9 par l&rsquo;IEEE (Institute of Electrical and Electronics Engineers) et permet de transporter 256 canaux entre un PC Windows [&hellip;]<\/p>\n","protected":false},"author":1,"featured_media":192,"comment_status":"closed","ping_status":"closed","sticky":false,"template":"","format":"standard","meta":{"_acf_changed":false,"footnotes":""},"categories":[1909],"tags":[1938,1940,1941,1942,1951,1952,1960,1961,1976],"class_list":["post-188","post","type-post","status-publish","format-standard","has-post-thumbnail","hentry","category-rme","tag-audio-over-ip","tag-avb","tag-avb-tsn","tag-avdecc-1722-1","tag-digiface","tag-digiface-avb","tag-ieee-1722-1","tag-ieee-802-1","tag-reseau-audio"],"acf":[],"yoast_head":"<!-- This site is optimized with the Yoast SEO plugin v27.1.1 - https:\/\/yoast.com\/product\/yoast-seo-wordpress\/ -->\n<title>RME pr\u00e9sente la Digiface AVB - FR Audio-Technica Distribution<\/title>\n<meta name=\"description\" content=\"A l&#039;occasion du Musikmesse 2018, RME pr\u00e9sente sa nouvelle interface audio mobile USB 3.0 256 canaux \u00e0 192kHz bas\u00e9e sur le standard AVB (Audio Video Bridge).\" \/>\n<meta name=\"robots\" content=\"index, follow, max-snippet:-1, max-image-preview:large, max-video-preview:-1\" \/>\n<link rel=\"canonical\" href=\"https:\/\/distribution.audio-technica.eu\/fr-fr\/actualites\/rme-presente-la-digiface-avb\/\" \/>\n<meta property=\"og:locale\" content=\"fr_FR\" \/>\n<meta property=\"og:type\" content=\"article\" \/>\n<meta property=\"og:title\" content=\"RME pr\u00e9sente la Digiface AVB - FR Audio-Technica Distribution\" \/>\n<meta property=\"og:description\" content=\"A l&#039;occasion du Musikmesse 2018, RME pr\u00e9sente sa nouvelle interface audio mobile USB 3.0 256 canaux \u00e0 192kHz bas\u00e9e sur le standard AVB (Audio Video Bridge).\" \/>\n<meta property=\"og:url\" content=\"https:\/\/distribution.audio-technica.eu\/fr-fr\/actualites\/rme-presente-la-digiface-avb\/\" \/>\n<meta property=\"og:site_name\" content=\"FR Audio-Technica Distribution\" \/>\n<meta property=\"article:published_time\" content=\"2018-04-09T16:18:17+00:00\" \/>\n<meta property=\"article:modified_time\" content=\"2018-09-19T11:10:05+00:00\" \/>\n<meta property=\"og:image\" content=\"https:\/\/distribution.audio-technica.eu\/app\/uploads\/sites\/3\/Digiface-AVB-banni\u00e8re.png\" \/>\n\t<meta property=\"og:image:width\" content=\"640\" \/>\n\t<meta property=\"og:image:height\" content=\"334\" \/>\n\t<meta property=\"og:image:type\" content=\"image\/png\" \/>\n<meta name=\"author\" content=\"Audio-Technica\" \/>\n<meta name=\"twitter:card\" content=\"summary_large_image\" \/>\n<meta name=\"twitter:label1\" content=\"\u00c9crit par\" \/>\n\t<meta name=\"twitter:data1\" content=\"Audio-Technica\" \/>\n\t<meta name=\"twitter:label2\" content=\"Dur\u00e9e de lecture estim\u00e9e\" \/>\n\t<meta name=\"twitter:data2\" content=\"3 minutes\" \/>\n<script type=\"application\/ld+json\" class=\"yoast-schema-graph\">{\"@context\":\"https:\/\/schema.org\",\"@graph\":[{\"@type\":\"Article\",\"@id\":\"https:\/\/distribution.audio-technica.eu\/fr-fr\/actualites\/rme-presente-la-digiface-avb\/#article\",\"isPartOf\":{\"@id\":\"https:\/\/distribution.audio-technica.eu\/fr-fr\/actualites\/rme-presente-la-digiface-avb\/\"},\"author\":{\"name\":\"Audio-Technica\",\"@id\":\"https:\/\/distribution.audio-technica.eu\/fr-fr\/#\/schema\/person\/e8e715e047e33cc425e816f59cbd9b80\"},\"headline\":\"RME pr\u00e9sente la Digiface AVB\",\"datePublished\":\"2018-04-09T16:18:17+00:00\",\"dateModified\":\"2018-09-19T11:10:05+00:00\",\"mainEntityOfPage\":{\"@id\":\"https:\/\/distribution.audio-technica.eu\/fr-fr\/actualites\/rme-presente-la-digiface-avb\/\"},\"wordCount\":523,\"image\":{\"@id\":\"https:\/\/distribution.audio-technica.eu\/fr-fr\/actualites\/rme-presente-la-digiface-avb\/#primaryimage\"},\"thumbnailUrl\":\"\/app\/uploads\/sites\/3\/Digiface-AVB-banni\u00e8re.png\",\"keywords\":[\"Audio over IP\",\"AVB\",\"AVB\/TSN\",\"AVDECC 1722.1\",\"Digiface\",\"Digiface AVB\",\"IEEE 1722.1\",\"IEEE 802.1\",\"r\u00e9seau audio\"],\"articleSection\":[\"RME\"],\"inLanguage\":\"fr-FR\"},{\"@type\":\"WebPage\",\"@id\":\"https:\/\/distribution.audio-technica.eu\/fr-fr\/actualites\/rme-presente-la-digiface-avb\/\",\"url\":\"https:\/\/distribution.audio-technica.eu\/fr-fr\/actualites\/rme-presente-la-digiface-avb\/\",\"name\":\"RME pr\u00e9sente la Digiface AVB - FR Audio-Technica Distribution\",\"isPartOf\":{\"@id\":\"https:\/\/distribution.audio-technica.eu\/fr-fr\/#website\"},\"primaryImageOfPage\":{\"@id\":\"https:\/\/distribution.audio-technica.eu\/fr-fr\/actualites\/rme-presente-la-digiface-avb\/#primaryimage\"},\"image\":{\"@id\":\"https:\/\/distribution.audio-technica.eu\/fr-fr\/actualites\/rme-presente-la-digiface-avb\/#primaryimage\"},\"thumbnailUrl\":\"\/app\/uploads\/sites\/3\/Digiface-AVB-banni\u00e8re.png\",\"datePublished\":\"2018-04-09T16:18:17+00:00\",\"dateModified\":\"2018-09-19T11:10:05+00:00\",\"author\":{\"@id\":\"https:\/\/distribution.audio-technica.eu\/fr-fr\/#\/schema\/person\/e8e715e047e33cc425e816f59cbd9b80\"},\"description\":\"A l'occasion du Musikmesse 2018, RME pr\u00e9sente sa nouvelle interface audio mobile USB 3.0 256 canaux \u00e0 192kHz bas\u00e9e sur le standard AVB (Audio Video Bridge).\",\"breadcrumb\":{\"@id\":\"https:\/\/distribution.audio-technica.eu\/fr-fr\/actualites\/rme-presente-la-digiface-avb\/#breadcrumb\"},\"inLanguage\":\"fr-FR\",\"potentialAction\":[{\"@type\":\"ReadAction\",\"target\":[\"https:\/\/distribution.audio-technica.eu\/fr-fr\/actualites\/rme-presente-la-digiface-avb\/\"]}]},{\"@type\":\"ImageObject\",\"inLanguage\":\"fr-FR\",\"@id\":\"https:\/\/distribution.audio-technica.eu\/fr-fr\/actualites\/rme-presente-la-digiface-avb\/#primaryimage\",\"url\":\"\/app\/uploads\/sites\/3\/Digiface-AVB-banni\u00e8re.png\",\"contentUrl\":\"\/app\/uploads\/sites\/3\/Digiface-AVB-banni\u00e8re.png\",\"width\":640,\"height\":334},{\"@type\":\"BreadcrumbList\",\"@id\":\"https:\/\/distribution.audio-technica.eu\/fr-fr\/actualites\/rme-presente-la-digiface-avb\/#breadcrumb\",\"itemListElement\":[{\"@type\":\"ListItem\",\"position\":1,\"name\":\"Products\",\"item\":\"https:\/\/distribution.audio-technica.eu\/fr-fr\/\"},{\"@type\":\"ListItem\",\"position\":2,\"name\":\"RME pr\u00e9sente la Digiface AVB\"}]},{\"@type\":\"WebSite\",\"@id\":\"https:\/\/distribution.audio-technica.eu\/fr-fr\/#website\",\"url\":\"https:\/\/distribution.audio-technica.eu\/fr-fr\/\",\"name\":\"FR Audio-Technica Distribution\",\"description\":\"\",\"potentialAction\":[{\"@type\":\"SearchAction\",\"target\":{\"@type\":\"EntryPoint\",\"urlTemplate\":\"https:\/\/distribution.audio-technica.eu\/fr-fr\/?s={search_term_string}\"},\"query-input\":{\"@type\":\"PropertyValueSpecification\",\"valueRequired\":true,\"valueName\":\"search_term_string\"}}],\"inLanguage\":\"fr-FR\"},{\"@type\":\"Person\",\"@id\":\"https:\/\/distribution.audio-technica.eu\/fr-fr\/#\/schema\/person\/e8e715e047e33cc425e816f59cbd9b80\",\"name\":\"Audio-Technica\",\"url\":\"https:\/\/distribution.audio-technica.eu\/fr-fr\/actualites\/author\/audiotechnica\/\"}]}<\/script>\n<!-- \/ Yoast SEO plugin. -->","yoast_head_json":{"title":"RME pr\u00e9sente la Digiface AVB - FR Audio-Technica Distribution","description":"A l'occasion du Musikmesse 2018, RME pr\u00e9sente sa nouvelle interface audio mobile USB 3.0 256 canaux \u00e0 192kHz bas\u00e9e sur le standard AVB (Audio Video Bridge).","robots":{"index":"index","follow":"follow","max-snippet":"max-snippet:-1","max-image-preview":"max-image-preview:large","max-video-preview":"max-video-preview:-1"},"canonical":"https:\/\/distribution.audio-technica.eu\/fr-fr\/actualites\/rme-presente-la-digiface-avb\/","og_locale":"fr_FR","og_type":"article","og_title":"RME pr\u00e9sente la Digiface AVB - FR Audio-Technica Distribution","og_description":"A l'occasion du Musikmesse 2018, RME pr\u00e9sente sa nouvelle interface audio mobile USB 3.0 256 canaux \u00e0 192kHz bas\u00e9e sur le standard AVB (Audio Video Bridge).","og_url":"https:\/\/distribution.audio-technica.eu\/fr-fr\/actualites\/rme-presente-la-digiface-avb\/","og_site_name":"FR Audio-Technica Distribution","article_published_time":"2018-04-09T16:18:17+00:00","article_modified_time":"2018-09-19T11:10:05+00:00","og_image":[{"width":640,"height":334,"url":"https:\/\/distribution.audio-technica.eu\/app\/uploads\/sites\/3\/Digiface-AVB-banni\u00e8re.png","type":"image\/png"}],"author":"Audio-Technica","twitter_card":"summary_large_image","twitter_misc":{"\u00c9crit par":"Audio-Technica","Dur\u00e9e de lecture estim\u00e9e":"3 minutes"},"schema":{"@context":"https:\/\/schema.org","@graph":[{"@type":"Article","@id":"https:\/\/distribution.audio-technica.eu\/fr-fr\/actualites\/rme-presente-la-digiface-avb\/#article","isPartOf":{"@id":"https:\/\/distribution.audio-technica.eu\/fr-fr\/actualites\/rme-presente-la-digiface-avb\/"},"author":{"name":"Audio-Technica","@id":"https:\/\/distribution.audio-technica.eu\/fr-fr\/#\/schema\/person\/e8e715e047e33cc425e816f59cbd9b80"},"headline":"RME pr\u00e9sente la Digiface AVB","datePublished":"2018-04-09T16:18:17+00:00","dateModified":"2018-09-19T11:10:05+00:00","mainEntityOfPage":{"@id":"https:\/\/distribution.audio-technica.eu\/fr-fr\/actualites\/rme-presente-la-digiface-avb\/"},"wordCount":523,"image":{"@id":"https:\/\/distribution.audio-technica.eu\/fr-fr\/actualites\/rme-presente-la-digiface-avb\/#primaryimage"},"thumbnailUrl":"\/app\/uploads\/sites\/3\/Digiface-AVB-banni\u00e8re.png","keywords":["Audio over IP","AVB","AVB\/TSN","AVDECC 1722.1","Digiface","Digiface AVB","IEEE 1722.1","IEEE 802.1","r\u00e9seau audio"],"articleSection":["RME"],"inLanguage":"fr-FR"},{"@type":"WebPage","@id":"https:\/\/distribution.audio-technica.eu\/fr-fr\/actualites\/rme-presente-la-digiface-avb\/","url":"https:\/\/distribution.audio-technica.eu\/fr-fr\/actualites\/rme-presente-la-digiface-avb\/","name":"RME pr\u00e9sente la Digiface AVB - FR Audio-Technica Distribution","isPartOf":{"@id":"https:\/\/distribution.audio-technica.eu\/fr-fr\/#website"},"primaryImageOfPage":{"@id":"https:\/\/distribution.audio-technica.eu\/fr-fr\/actualites\/rme-presente-la-digiface-avb\/#primaryimage"},"image":{"@id":"https:\/\/distribution.audio-technica.eu\/fr-fr\/actualites\/rme-presente-la-digiface-avb\/#primaryimage"},"thumbnailUrl":"\/app\/uploads\/sites\/3\/Digiface-AVB-banni\u00e8re.png","datePublished":"2018-04-09T16:18:17+00:00","dateModified":"2018-09-19T11:10:05+00:00","author":{"@id":"https:\/\/distribution.audio-technica.eu\/fr-fr\/#\/schema\/person\/e8e715e047e33cc425e816f59cbd9b80"},"description":"A l'occasion du Musikmesse 2018, RME pr\u00e9sente sa nouvelle interface audio mobile USB 3.0 256 canaux \u00e0 192kHz bas\u00e9e sur le standard AVB (Audio Video Bridge).","breadcrumb":{"@id":"https:\/\/distribution.audio-technica.eu\/fr-fr\/actualites\/rme-presente-la-digiface-avb\/#breadcrumb"},"inLanguage":"fr-FR","potentialAction":[{"@type":"ReadAction","target":["https:\/\/distribution.audio-technica.eu\/fr-fr\/actualites\/rme-presente-la-digiface-avb\/"]}]},{"@type":"ImageObject","inLanguage":"fr-FR","@id":"https:\/\/distribution.audio-technica.eu\/fr-fr\/actualites\/rme-presente-la-digiface-avb\/#primaryimage","url":"\/app\/uploads\/sites\/3\/Digiface-AVB-banni\u00e8re.png","contentUrl":"\/app\/uploads\/sites\/3\/Digiface-AVB-banni\u00e8re.png","width":640,"height":334},{"@type":"BreadcrumbList","@id":"https:\/\/distribution.audio-technica.eu\/fr-fr\/actualites\/rme-presente-la-digiface-avb\/#breadcrumb","itemListElement":[{"@type":"ListItem","position":1,"name":"Products","item":"https:\/\/distribution.audio-technica.eu\/fr-fr\/"},{"@type":"ListItem","position":2,"name":"RME pr\u00e9sente la Digiface AVB"}]},{"@type":"WebSite","@id":"https:\/\/distribution.audio-technica.eu\/fr-fr\/#website","url":"https:\/\/distribution.audio-technica.eu\/fr-fr\/","name":"FR Audio-Technica Distribution","description":"","potentialAction":[{"@type":"SearchAction","target":{"@type":"EntryPoint","urlTemplate":"https:\/\/distribution.audio-technica.eu\/fr-fr\/?s={search_term_string}"},"query-input":{"@type":"PropertyValueSpecification","valueRequired":true,"valueName":"search_term_string"}}],"inLanguage":"fr-FR"},{"@type":"Person","@id":"https:\/\/distribution.audio-technica.eu\/fr-fr\/#\/schema\/person\/e8e715e047e33cc425e816f59cbd9b80","name":"Audio-Technica","url":"https:\/\/distribution.audio-technica.eu\/fr-fr\/actualites\/author\/audiotechnica\/"}]}},"_links":{"self":[{"href":"https:\/\/distribution.audio-technica.eu\/fr-fr\/wp-json\/wp\/v2\/posts\/188","targetHints":{"allow":["GET"]}}],"collection":[{"href":"https:\/\/distribution.audio-technica.eu\/fr-fr\/wp-json\/wp\/v2\/posts"}],"about":[{"href":"https:\/\/distribution.audio-technica.eu\/fr-fr\/wp-json\/wp\/v2\/types\/post"}],"author":[{"embeddable":true,"href":"https:\/\/distribution.audio-technica.eu\/fr-fr\/wp-json\/wp\/v2\/users\/1"}],"replies":[{"embeddable":true,"href":"https:\/\/distribution.audio-technica.eu\/fr-fr\/wp-json\/wp\/v2\/comments?post=188"}],"version-history":[{"count":3,"href":"https:\/\/distribution.audio-technica.eu\/fr-fr\/wp-json\/wp\/v2\/posts\/188\/revisions"}],"predecessor-version":[{"id":9688,"href":"https:\/\/distribution.audio-technica.eu\/fr-fr\/wp-json\/wp\/v2\/posts\/188\/revisions\/9688"}],"wp:featuredmedia":[{"embeddable":true,"href":"https:\/\/distribution.audio-technica.eu\/fr-fr\/wp-json\/wp\/v2\/media\/192"}],"wp:attachment":[{"href":"https:\/\/distribution.audio-technica.eu\/fr-fr\/wp-json\/wp\/v2\/media?parent=188"}],"wp:term":[{"taxonomy":"category","embeddable":true,"href":"https:\/\/distribution.audio-technica.eu\/fr-fr\/wp-json\/wp\/v2\/categories?post=188"},{"taxonomy":"post_tag","embeddable":true,"href":"https:\/\/distribution.audio-technica.eu\/fr-fr\/wp-json\/wp\/v2\/tags?post=188"}],"curies":[{"name":"wp","href":"https:\/\/api.w.org\/{rel}","templated":true}]}}