{"id":7559,"date":"2017-10-03T10:24:56","date_gmt":"2017-10-03T08:24:56","guid":{"rendered":"https:\/\/news.audio-technica.fr\/?p=107"},"modified":"2023-03-30T11:19:10","modified_gmt":"2023-03-30T10:19:10","slug":"masterclass-prise-de-chez-stars-music-lille-7-octobre-2017","status":"publish","type":"post","link":"https:\/\/distribution.audio-technica.eu\/fr-fr\/actualites\/masterclass-prise-de-chez-stars-music-lille-7-octobre-2017\/","title":{"rendered":"MasterClass \u00ab\u00a0Prise de Son\u00a0\u00bb chez Star&rsquo;s Music Lille le 7 octobre 2017"},"content":{"rendered":"<p>La MasterClass prise de son reprend la route cet automne avec un premier arr\u00eat chez Star&rsquo;s Music \u00e0 Lille.<\/p>\n<p>Cette MasterClass, qui a d\u00e9j\u00e0 \u00e9t\u00e9 pr\u00e9sent\u00e9e au MAI de Nancy ainsi qu&rsquo;\u00e0 Casablanca (Maroc), permet de d\u00e9couvrir les techniques de prise de son (choix des micros, placement, r\u00e9glages) \u00e0 travers 3 enregistrements en studio r\u00e9alis\u00e9s avec la gamme de micros Audio-Technica, les pr\u00e9amplis Audient et les interfaces RME.<\/p>\n<p><img loading=\"lazy\" decoding=\"async\" class=\"aligncenter wp-image-108 size-large\" src=\"\/fr\/wp-content\/uploads\/sites\/3\/MasterClass-AT-Audient-2-724x1024.jpg\" alt=\"MasterClass &quot;Prise de Son&quot;\" width=\"640\" height=\"905\" \/><\/p>\n<p>&nbsp;<\/p>\n<p>Retrouvez nous \u00e0 partir de 10h le samedi 7 octobre chez Star&rsquo;s Music Lille, 72 rue des Arts \u00e0 Lille.<\/p>\n<p><a href=\"https:\/\/www.facebook.com\/events\/142501513030758\/?acontext=%7B%22ref%22%3A%223%22%2C%22ref_newsfeed_story_type%22%3A%22regular%22%2C%22feed_story_type%22%3A%22263%22%2C%22action_history%22%3A%22null%22%7D\">Le lien Facebook pour l&rsquo;\u00e9venement<\/a><\/p>\n","protected":false},"excerpt":{"rendered":"<p>La MasterClass prise de son reprend la route cet automne avec un premier arr\u00eat chez Star&rsquo;s Music \u00e0 Lille. Cette MasterClass, qui a d\u00e9j\u00e0 \u00e9t\u00e9 pr\u00e9sent\u00e9e au MAI de Nancy ainsi qu&rsquo;\u00e0 Casablanca (Maroc), permet de d\u00e9couvrir les techniques de prise de son (choix des micros, placement, r\u00e9glages) \u00e0 travers 3 enregistrements en studio r\u00e9alis\u00e9s [&hellip;]<\/p>\n","protected":false},"author":1,"featured_media":7518,"comment_status":"closed","ping_status":"closed","sticky":false,"template":"","format":"standard","meta":{"_acf_changed":false,"footnotes":""},"categories":[17,1576,1909],"tags":[1917,1918,1919,1923,1745,1924,1926,1927,1928,1930,1931,1933,1934,1935,1936,1937,1957,1969,1973],"class_list":["post-7559","post","type-post","status-publish","format-standard","has-post-thumbnail","hentry","category-audient","category-audio-technica","category-rme","tag-ae2300","tag-ae2500","tag-ae3000","tag-asp800","tag-asp880","tag-at2020","tag-at4022","tag-at4047","tag-at4051b","tag-at4080","tag-at4081","tag-at5045","tag-atm230","tag-atm250","tag-atm450","tag-atm650","tag-fireface-802","tag-masterclass","tag-prise-de-son"],"acf":[],"yoast_head":"<!-- This site is optimized with the Yoast SEO plugin v27.1.1 - https:\/\/yoast.com\/product\/yoast-seo-wordpress\/ -->\n<title>MasterClass &quot;Prise de Son&quot; chez Star&#039;s Music Lille le 7 octobre 2017 - FR Audio-Technica Distribution<\/title>\n<meta name=\"description\" content=\"La MasterClass &quot;Prise de Son&quot; de retour pr\u00e8s de chez vous ! Samedi 7 octobre 2017 chez Star&#039;s Music Lille \u00e0 partir de 10h.\" \/>\n<meta name=\"robots\" content=\"index, follow, max-snippet:-1, max-image-preview:large, max-video-preview:-1\" \/>\n<link rel=\"canonical\" href=\"https:\/\/distribution.audio-technica.eu\/fr-fr\/actualites\/masterclass-prise-de-chez-stars-music-lille-7-octobre-2017\/\" \/>\n<meta property=\"og:locale\" content=\"fr_FR\" \/>\n<meta property=\"og:type\" content=\"article\" \/>\n<meta property=\"og:title\" content=\"MasterClass &quot;Prise de Son&quot; chez Star&#039;s Music Lille le 7 octobre 2017 - FR Audio-Technica Distribution\" \/>\n<meta property=\"og:description\" content=\"La MasterClass &quot;Prise de Son&quot; de retour pr\u00e8s de chez vous ! Samedi 7 octobre 2017 chez Star&#039;s Music Lille \u00e0 partir de 10h.\" \/>\n<meta property=\"og:url\" content=\"https:\/\/distribution.audio-technica.eu\/fr-fr\/actualites\/masterclass-prise-de-chez-stars-music-lille-7-octobre-2017\/\" \/>\n<meta property=\"og:site_name\" content=\"FR Audio-Technica Distribution\" \/>\n<meta property=\"article:published_time\" content=\"2017-10-03T08:24:56+00:00\" \/>\n<meta property=\"article:modified_time\" content=\"2023-03-30T10:19:10+00:00\" \/>\n<meta property=\"og:image\" content=\"https:\/\/distribution.audio-technica.eu\/app\/uploads\/sites\/3\/MasterClass-AT-Audient-1.jpg\" \/>\n\t<meta property=\"og:image:width\" content=\"2480\" \/>\n\t<meta property=\"og:image:height\" content=\"3507\" \/>\n\t<meta property=\"og:image:type\" content=\"image\/jpeg\" \/>\n<meta name=\"author\" content=\"Audio-Technica\" \/>\n<meta name=\"twitter:card\" content=\"summary_large_image\" \/>\n<meta name=\"twitter:label1\" content=\"\u00c9crit par\" \/>\n\t<meta name=\"twitter:data1\" content=\"Audio-Technica\" \/>\n<script type=\"application\/ld+json\" class=\"yoast-schema-graph\">{\"@context\":\"https:\/\/schema.org\",\"@graph\":[{\"@type\":\"Article\",\"@id\":\"https:\/\/distribution.audio-technica.eu\/fr-fr\/actualites\/masterclass-prise-de-chez-stars-music-lille-7-octobre-2017\/#article\",\"isPartOf\":{\"@id\":\"https:\/\/distribution.audio-technica.eu\/fr-fr\/actualites\/masterclass-prise-de-chez-stars-music-lille-7-octobre-2017\/\"},\"author\":{\"name\":\"Audio-Technica\",\"@id\":\"https:\/\/distribution.audio-technica.eu\/fr-fr\/#\/schema\/person\/e8e715e047e33cc425e816f59cbd9b80\"},\"headline\":\"MasterClass \u00ab\u00a0Prise de Son\u00a0\u00bb chez Star&rsquo;s Music Lille le 7 octobre 2017\",\"datePublished\":\"2017-10-03T08:24:56+00:00\",\"dateModified\":\"2023-03-30T10:19:10+00:00\",\"mainEntityOfPage\":{\"@id\":\"https:\/\/distribution.audio-technica.eu\/fr-fr\/actualites\/masterclass-prise-de-chez-stars-music-lille-7-octobre-2017\/\"},\"wordCount\":110,\"image\":{\"@id\":\"https:\/\/distribution.audio-technica.eu\/fr-fr\/actualites\/masterclass-prise-de-chez-stars-music-lille-7-octobre-2017\/#primaryimage\"},\"thumbnailUrl\":\"\/app\/uploads\/sites\/3\/MasterClass-AT-Audient-1.jpg\",\"keywords\":[\"AE2300\",\"AE2500\",\"AE3000\",\"ASP800\",\"ASP880\",\"AT2020\",\"AT4022\",\"AT4047\",\"AT4051b\",\"AT4080\",\"AT4081\",\"AT5045\",\"ATM230\",\"ATM250\",\"ATM450\",\"ATM650\",\"Fireface 802\",\"MasterClass\",\"Prise de Son\"],\"articleSection\":[\"Audient\",\"Audio-Technica\",\"RME\"],\"inLanguage\":\"fr-FR\"},{\"@type\":\"WebPage\",\"@id\":\"https:\/\/distribution.audio-technica.eu\/fr-fr\/actualites\/masterclass-prise-de-chez-stars-music-lille-7-octobre-2017\/\",\"url\":\"https:\/\/distribution.audio-technica.eu\/fr-fr\/actualites\/masterclass-prise-de-chez-stars-music-lille-7-octobre-2017\/\",\"name\":\"MasterClass \\\"Prise de Son\\\" chez Star's Music Lille le 7 octobre 2017 - FR Audio-Technica Distribution\",\"isPartOf\":{\"@id\":\"https:\/\/distribution.audio-technica.eu\/fr-fr\/#website\"},\"primaryImageOfPage\":{\"@id\":\"https:\/\/distribution.audio-technica.eu\/fr-fr\/actualites\/masterclass-prise-de-chez-stars-music-lille-7-octobre-2017\/#primaryimage\"},\"image\":{\"@id\":\"https:\/\/distribution.audio-technica.eu\/fr-fr\/actualites\/masterclass-prise-de-chez-stars-music-lille-7-octobre-2017\/#primaryimage\"},\"thumbnailUrl\":\"\/app\/uploads\/sites\/3\/MasterClass-AT-Audient-1.jpg\",\"datePublished\":\"2017-10-03T08:24:56+00:00\",\"dateModified\":\"2023-03-30T10:19:10+00:00\",\"author\":{\"@id\":\"https:\/\/distribution.audio-technica.eu\/fr-fr\/#\/schema\/person\/e8e715e047e33cc425e816f59cbd9b80\"},\"description\":\"La MasterClass \\\"Prise de Son\\\" de retour pr\u00e8s de chez vous ! Samedi 7 octobre 2017 chez Star's Music Lille \u00e0 partir de 10h.\",\"breadcrumb\":{\"@id\":\"https:\/\/distribution.audio-technica.eu\/fr-fr\/actualites\/masterclass-prise-de-chez-stars-music-lille-7-octobre-2017\/#breadcrumb\"},\"inLanguage\":\"fr-FR\",\"potentialAction\":[{\"@type\":\"ReadAction\",\"target\":[\"https:\/\/distribution.audio-technica.eu\/fr-fr\/actualites\/masterclass-prise-de-chez-stars-music-lille-7-octobre-2017\/\"]}]},{\"@type\":\"ImageObject\",\"inLanguage\":\"fr-FR\",\"@id\":\"https:\/\/distribution.audio-technica.eu\/fr-fr\/actualites\/masterclass-prise-de-chez-stars-music-lille-7-octobre-2017\/#primaryimage\",\"url\":\"\/app\/uploads\/sites\/3\/MasterClass-AT-Audient-1.jpg\",\"contentUrl\":\"\/app\/uploads\/sites\/3\/MasterClass-AT-Audient-1.jpg\",\"width\":2480,\"height\":3507},{\"@type\":\"BreadcrumbList\",\"@id\":\"https:\/\/distribution.audio-technica.eu\/fr-fr\/actualites\/masterclass-prise-de-chez-stars-music-lille-7-octobre-2017\/#breadcrumb\",\"itemListElement\":[{\"@type\":\"ListItem\",\"position\":1,\"name\":\"Products\",\"item\":\"https:\/\/distribution.audio-technica.eu\/fr-fr\/\"},{\"@type\":\"ListItem\",\"position\":2,\"name\":\"MasterClass \u00ab\u00a0Prise de Son\u00a0\u00bb chez Star&rsquo;s Music Lille le 7 octobre 2017\"}]},{\"@type\":\"WebSite\",\"@id\":\"https:\/\/distribution.audio-technica.eu\/fr-fr\/#website\",\"url\":\"https:\/\/distribution.audio-technica.eu\/fr-fr\/\",\"name\":\"FR Audio-Technica Distribution\",\"description\":\"\",\"potentialAction\":[{\"@type\":\"SearchAction\",\"target\":{\"@type\":\"EntryPoint\",\"urlTemplate\":\"https:\/\/distribution.audio-technica.eu\/fr-fr\/?s={search_term_string}\"},\"query-input\":{\"@type\":\"PropertyValueSpecification\",\"valueRequired\":true,\"valueName\":\"search_term_string\"}}],\"inLanguage\":\"fr-FR\"},{\"@type\":\"Person\",\"@id\":\"https:\/\/distribution.audio-technica.eu\/fr-fr\/#\/schema\/person\/e8e715e047e33cc425e816f59cbd9b80\",\"name\":\"Audio-Technica\",\"url\":\"https:\/\/distribution.audio-technica.eu\/fr-fr\/actualites\/author\/audiotechnica\/\"}]}<\/script>\n<!-- \/ Yoast SEO plugin. -->","yoast_head_json":{"title":"MasterClass \"Prise de Son\" chez Star's Music Lille le 7 octobre 2017 - FR Audio-Technica Distribution","description":"La MasterClass \"Prise de Son\" de retour pr\u00e8s de chez vous ! Samedi 7 octobre 2017 chez Star's Music Lille \u00e0 partir de 10h.","robots":{"index":"index","follow":"follow","max-snippet":"max-snippet:-1","max-image-preview":"max-image-preview:large","max-video-preview":"max-video-preview:-1"},"canonical":"https:\/\/distribution.audio-technica.eu\/fr-fr\/actualites\/masterclass-prise-de-chez-stars-music-lille-7-octobre-2017\/","og_locale":"fr_FR","og_type":"article","og_title":"MasterClass \"Prise de Son\" chez Star's Music Lille le 7 octobre 2017 - FR Audio-Technica Distribution","og_description":"La MasterClass \"Prise de Son\" de retour pr\u00e8s de chez vous ! Samedi 7 octobre 2017 chez Star's Music Lille \u00e0 partir de 10h.","og_url":"https:\/\/distribution.audio-technica.eu\/fr-fr\/actualites\/masterclass-prise-de-chez-stars-music-lille-7-octobre-2017\/","og_site_name":"FR Audio-Technica Distribution","article_published_time":"2017-10-03T08:24:56+00:00","article_modified_time":"2023-03-30T10:19:10+00:00","og_image":[{"width":2480,"height":3507,"url":"https:\/\/distribution.audio-technica.eu\/app\/uploads\/sites\/3\/MasterClass-AT-Audient-1.jpg","type":"image\/jpeg"}],"author":"Audio-Technica","twitter_card":"summary_large_image","twitter_misc":{"\u00c9crit par":"Audio-Technica"},"schema":{"@context":"https:\/\/schema.org","@graph":[{"@type":"Article","@id":"https:\/\/distribution.audio-technica.eu\/fr-fr\/actualites\/masterclass-prise-de-chez-stars-music-lille-7-octobre-2017\/#article","isPartOf":{"@id":"https:\/\/distribution.audio-technica.eu\/fr-fr\/actualites\/masterclass-prise-de-chez-stars-music-lille-7-octobre-2017\/"},"author":{"name":"Audio-Technica","@id":"https:\/\/distribution.audio-technica.eu\/fr-fr\/#\/schema\/person\/e8e715e047e33cc425e816f59cbd9b80"},"headline":"MasterClass \u00ab\u00a0Prise de Son\u00a0\u00bb chez Star&rsquo;s Music Lille le 7 octobre 2017","datePublished":"2017-10-03T08:24:56+00:00","dateModified":"2023-03-30T10:19:10+00:00","mainEntityOfPage":{"@id":"https:\/\/distribution.audio-technica.eu\/fr-fr\/actualites\/masterclass-prise-de-chez-stars-music-lille-7-octobre-2017\/"},"wordCount":110,"image":{"@id":"https:\/\/distribution.audio-technica.eu\/fr-fr\/actualites\/masterclass-prise-de-chez-stars-music-lille-7-octobre-2017\/#primaryimage"},"thumbnailUrl":"\/app\/uploads\/sites\/3\/MasterClass-AT-Audient-1.jpg","keywords":["AE2300","AE2500","AE3000","ASP800","ASP880","AT2020","AT4022","AT4047","AT4051b","AT4080","AT4081","AT5045","ATM230","ATM250","ATM450","ATM650","Fireface 802","MasterClass","Prise de Son"],"articleSection":["Audient","Audio-Technica","RME"],"inLanguage":"fr-FR"},{"@type":"WebPage","@id":"https:\/\/distribution.audio-technica.eu\/fr-fr\/actualites\/masterclass-prise-de-chez-stars-music-lille-7-octobre-2017\/","url":"https:\/\/distribution.audio-technica.eu\/fr-fr\/actualites\/masterclass-prise-de-chez-stars-music-lille-7-octobre-2017\/","name":"MasterClass \"Prise de Son\" chez Star's Music Lille le 7 octobre 2017 - FR Audio-Technica Distribution","isPartOf":{"@id":"https:\/\/distribution.audio-technica.eu\/fr-fr\/#website"},"primaryImageOfPage":{"@id":"https:\/\/distribution.audio-technica.eu\/fr-fr\/actualites\/masterclass-prise-de-chez-stars-music-lille-7-octobre-2017\/#primaryimage"},"image":{"@id":"https:\/\/distribution.audio-technica.eu\/fr-fr\/actualites\/masterclass-prise-de-chez-stars-music-lille-7-octobre-2017\/#primaryimage"},"thumbnailUrl":"\/app\/uploads\/sites\/3\/MasterClass-AT-Audient-1.jpg","datePublished":"2017-10-03T08:24:56+00:00","dateModified":"2023-03-30T10:19:10+00:00","author":{"@id":"https:\/\/distribution.audio-technica.eu\/fr-fr\/#\/schema\/person\/e8e715e047e33cc425e816f59cbd9b80"},"description":"La MasterClass \"Prise de Son\" de retour pr\u00e8s de chez vous ! Samedi 7 octobre 2017 chez Star's Music Lille \u00e0 partir de 10h.","breadcrumb":{"@id":"https:\/\/distribution.audio-technica.eu\/fr-fr\/actualites\/masterclass-prise-de-chez-stars-music-lille-7-octobre-2017\/#breadcrumb"},"inLanguage":"fr-FR","potentialAction":[{"@type":"ReadAction","target":["https:\/\/distribution.audio-technica.eu\/fr-fr\/actualites\/masterclass-prise-de-chez-stars-music-lille-7-octobre-2017\/"]}]},{"@type":"ImageObject","inLanguage":"fr-FR","@id":"https:\/\/distribution.audio-technica.eu\/fr-fr\/actualites\/masterclass-prise-de-chez-stars-music-lille-7-octobre-2017\/#primaryimage","url":"\/app\/uploads\/sites\/3\/MasterClass-AT-Audient-1.jpg","contentUrl":"\/app\/uploads\/sites\/3\/MasterClass-AT-Audient-1.jpg","width":2480,"height":3507},{"@type":"BreadcrumbList","@id":"https:\/\/distribution.audio-technica.eu\/fr-fr\/actualites\/masterclass-prise-de-chez-stars-music-lille-7-octobre-2017\/#breadcrumb","itemListElement":[{"@type":"ListItem","position":1,"name":"Products","item":"https:\/\/distribution.audio-technica.eu\/fr-fr\/"},{"@type":"ListItem","position":2,"name":"MasterClass \u00ab\u00a0Prise de Son\u00a0\u00bb chez Star&rsquo;s Music Lille le 7 octobre 2017"}]},{"@type":"WebSite","@id":"https:\/\/distribution.audio-technica.eu\/fr-fr\/#website","url":"https:\/\/distribution.audio-technica.eu\/fr-fr\/","name":"FR Audio-Technica Distribution","description":"","potentialAction":[{"@type":"SearchAction","target":{"@type":"EntryPoint","urlTemplate":"https:\/\/distribution.audio-technica.eu\/fr-fr\/?s={search_term_string}"},"query-input":{"@type":"PropertyValueSpecification","valueRequired":true,"valueName":"search_term_string"}}],"inLanguage":"fr-FR"},{"@type":"Person","@id":"https:\/\/distribution.audio-technica.eu\/fr-fr\/#\/schema\/person\/e8e715e047e33cc425e816f59cbd9b80","name":"Audio-Technica","url":"https:\/\/distribution.audio-technica.eu\/fr-fr\/actualites\/author\/audiotechnica\/"}]}},"_links":{"self":[{"href":"https:\/\/distribution.audio-technica.eu\/fr-fr\/wp-json\/wp\/v2\/posts\/7559","targetHints":{"allow":["GET"]}}],"collection":[{"href":"https:\/\/distribution.audio-technica.eu\/fr-fr\/wp-json\/wp\/v2\/posts"}],"about":[{"href":"https:\/\/distribution.audio-technica.eu\/fr-fr\/wp-json\/wp\/v2\/types\/post"}],"author":[{"embeddable":true,"href":"https:\/\/distribution.audio-technica.eu\/fr-fr\/wp-json\/wp\/v2\/users\/1"}],"replies":[{"embeddable":true,"href":"https:\/\/distribution.audio-technica.eu\/fr-fr\/wp-json\/wp\/v2\/comments?post=7559"}],"version-history":[{"count":1,"href":"https:\/\/distribution.audio-technica.eu\/fr-fr\/wp-json\/wp\/v2\/posts\/7559\/revisions"}],"predecessor-version":[{"id":11052,"href":"https:\/\/distribution.audio-technica.eu\/fr-fr\/wp-json\/wp\/v2\/posts\/7559\/revisions\/11052"}],"wp:featuredmedia":[{"embeddable":true,"href":"https:\/\/distribution.audio-technica.eu\/fr-fr\/wp-json\/wp\/v2\/media\/7518"}],"wp:attachment":[{"href":"https:\/\/distribution.audio-technica.eu\/fr-fr\/wp-json\/wp\/v2\/media?parent=7559"}],"wp:term":[{"taxonomy":"category","embeddable":true,"href":"https:\/\/distribution.audio-technica.eu\/fr-fr\/wp-json\/wp\/v2\/categories?post=7559"},{"taxonomy":"post_tag","embeddable":true,"href":"https:\/\/distribution.audio-technica.eu\/fr-fr\/wp-json\/wp\/v2\/tags?post=7559"}],"curies":[{"name":"wp","href":"https:\/\/api.w.org\/{rel}","templated":true}]}}