{"id":9684,"date":"2018-09-14T18:41:09","date_gmt":"2018-09-14T17:41:09","guid":{"rendered":"https:\/\/atdb-production.studiograft.dev\/fr\/?p=9684"},"modified":"2018-09-18T19:15:43","modified_gmt":"2018-09-18T18:15:43","slug":"audio-technica-annonce-les-bp28-et-bp28l","status":"publish","type":"post","link":"https:\/\/distribution.audio-technica.eu\/fr-fr\/actualites\/audio-technica-annonce-les-bp28-et-bp28l\/","title":{"rendered":"Audio-Technica annonce les BP28 et BP28L"},"content":{"rendered":"<h4><strong>Les nouveaux micros canons Audio-Technica offrent des perfomances en ext\u00e9rieur dignes d\u2019un studio d\u2019enregistrement !<\/strong><\/h4>\n<p>Audio-Technica pr\u00e9sente une paire de nouveaux micros canons dans sa gamme Broadcast &amp; Production \u00e0 l\u2019occasion de l\u2019IBC2018. Le BP28 et le BP28L combinent pour la premi\u00e8re fois un bruit propre exceptionnellement bas et l\u2019introduction d\u2019\u00e9l\u00e9ments typiques des larges membranes dans un micro canon avec une polarit\u00e9 extr\u00e9mement resser\u00e9e,\u00a0id\u00e9ale\u00a0pour les prises de son \u00e0 longue distance.<\/p>\n<figure id=\"attachment_9685\" aria-describedby=\"caption-attachment-9685\" style=\"width: 300px\" class=\"wp-caption aligncenter\"><img loading=\"lazy\" decoding=\"async\" class=\"size-medium wp-image-9685\" src=\"\/fr\/wp-content\/uploads\/sites\/3\/BP28-300x61.jpg\" alt=\"BP28\" width=\"300\" height=\"61\" srcset=\"https:\/\/distribution.audio-technica.eu\/app\/uploads\/sites\/3\/BP28-300x61.jpg 300w, https:\/\/distribution.audio-technica.eu\/app\/uploads\/sites\/3\/BP28-768x156.jpg 768w, https:\/\/distribution.audio-technica.eu\/app\/uploads\/sites\/3\/BP28-1024x209.jpg 1024w, https:\/\/distribution.audio-technica.eu\/app\/uploads\/sites\/3\/BP28-200x41.jpg 200w, https:\/\/distribution.audio-technica.eu\/app\/uploads\/sites\/3\/BP28-400x82.jpg 400w, https:\/\/distribution.audio-technica.eu\/app\/uploads\/sites\/3\/BP28-600x122.jpg 600w, https:\/\/distribution.audio-technica.eu\/app\/uploads\/sites\/3\/BP28-800x163.jpg 800w, https:\/\/distribution.audio-technica.eu\/app\/uploads\/sites\/3\/BP28-1200x245.jpg 1200w\" sizes=\"auto, (max-width: 300px) 100vw, 300px\" \/><figcaption id=\"caption-attachment-9685\" class=\"wp-caption-text\">BP28<\/figcaption><\/figure>\n<p>Deux longueurs sont disponibles, 355mm pour le BP28 et 568mm pour le BP28L, et ils disposent tout deux d\u2019un dispositif brevet\u00e9 qui maintient la directivit\u00e9 sur l\u2019ensemble de la bande passante.<\/p>\n<p>Ces nouveaux mod\u00e8les disposent d\u2019une des meilleurs plages dynamiques du march\u00e9 gr\u00e2ce \u00e0 un bruit propre de 3dB (BP28L) et de 8dB (BP28) conjugu\u00e9 \u00e0 un excellent SPL (143dB dans le cas du BP28 et 138dB pour le BP28L). Ils apportent ainsi un comportement digne d\u2019un micro de studio dans des prises de sons \u00e0 longue port\u00e9e comme en cinema, reportage, retransmission sportive et autre.<\/p>\n<figure id=\"attachment_9686\" aria-describedby=\"caption-attachment-9686\" style=\"width: 300px\" class=\"wp-caption aligncenter\"><img loading=\"lazy\" decoding=\"async\" class=\"size-medium wp-image-9686\" src=\"\/fr\/wp-content\/uploads\/sites\/3\/BP28L-300x49.jpg\" alt=\"BP28L\" width=\"300\" height=\"49\" srcset=\"https:\/\/distribution.audio-technica.eu\/app\/uploads\/sites\/3\/BP28L-300x49.jpg 300w, https:\/\/distribution.audio-technica.eu\/app\/uploads\/sites\/3\/BP28L-768x127.jpg 768w, https:\/\/distribution.audio-technica.eu\/app\/uploads\/sites\/3\/BP28L-1024x169.jpg 1024w, https:\/\/distribution.audio-technica.eu\/app\/uploads\/sites\/3\/BP28L-200x33.jpg 200w, https:\/\/distribution.audio-technica.eu\/app\/uploads\/sites\/3\/BP28L-400x66.jpg 400w, https:\/\/distribution.audio-technica.eu\/app\/uploads\/sites\/3\/BP28L-600x99.jpg 600w, https:\/\/distribution.audio-technica.eu\/app\/uploads\/sites\/3\/BP28L-800x132.jpg 800w, https:\/\/distribution.audio-technica.eu\/app\/uploads\/sites\/3\/BP28L-1200x198.jpg 1200w\" sizes=\"auto, (max-width: 300px) 100vw, 300px\" \/><figcaption id=\"caption-attachment-9686\" class=\"wp-caption-text\">BP28L<\/figcaption><\/figure>\n<p><strong>Les BP28 et BP28L\u00a0<\/strong>seront disponibles \u00e0 l&rsquo;hiver 2019 au prix de vente conseill\u00e9 de :<\/p>\n<p><strong>BP28 1188\u20ac TTC <\/strong><\/p>\n<p><strong>BP28L 1366.80\u20ac TTC<\/strong><\/p>\n<p>Les BP28 et BP28L seront tous les deux livr\u00e9s avec une pochette de transport Rycote.<\/p>\n<p>Retrouvez tous les d\u00e9tails techniques de ces deux nouveaux micros sur le site internet d&rsquo;Audio-Technica : <a href=\"https:\/\/eu.audio-technica.com\/microphones\/shotgun\/BP28\">BP28<\/a> \/ <a href=\"https:\/\/eu.audio-technica.com\/microphones\/shotgun\/BP28L\">BP28L<\/a><\/p>\n","protected":false},"excerpt":{"rendered":"<p>Les nouveaux micros canons Audio-Technica offrent des perfomances en ext\u00e9rieur dignes d\u2019un studio d\u2019enregistrement ! Audio-Technica pr\u00e9sente une paire de nouveaux micros canons dans sa gamme Broadcast &amp; Production \u00e0 l\u2019occasion de l\u2019IBC2018. Le BP28 et le BP28L combinent pour la premi\u00e8re fois un bruit propre exceptionnellement bas et l\u2019introduction d\u2019\u00e9l\u00e9ments typiques des larges membranes [&hellip;]<\/p>\n","protected":false},"author":5,"featured_media":9685,"comment_status":"closed","ping_status":"closed","sticky":false,"template":"","format":"standard","meta":{"_acf_changed":false,"footnotes":""},"categories":[1576],"tags":[2029,2030,1646,1664,2032,2031],"class_list":["post-9684","post","type-post","status-publish","format-standard","has-post-thumbnail","hentry","category-audio-technica","tag-bp28","tag-bp28l","tag-broadcast","tag-ibc","tag-ibc2018","tag-microphone-broadcast"],"acf":[],"yoast_head":"<!-- This site is optimized with the Yoast SEO plugin v27.1.1 - https:\/\/yoast.com\/product\/yoast-seo-wordpress\/ -->\n<title>Audio-Technica annonce les BP28 et BP28L - FR Audio-Technica Distribution<\/title>\n<meta name=\"description\" content=\"Audio-Technica pr\u00e9sente une paire de nouveaux micros canons dans sa gamme Broadcast &amp; Production \u00e0 l\u2019occasion de l\u2019IBC2018, le BP28 et le BP28L.\" \/>\n<meta name=\"robots\" content=\"index, follow, max-snippet:-1, max-image-preview:large, max-video-preview:-1\" \/>\n<link rel=\"canonical\" href=\"https:\/\/distribution.audio-technica.eu\/fr-fr\/actualites\/audio-technica-annonce-les-bp28-et-bp28l\/\" \/>\n<meta property=\"og:locale\" content=\"fr_FR\" \/>\n<meta property=\"og:type\" content=\"article\" \/>\n<meta property=\"og:title\" content=\"Audio-Technica annonce les BP28 et BP28L - FR Audio-Technica Distribution\" \/>\n<meta property=\"og:description\" content=\"Audio-Technica pr\u00e9sente une paire de nouveaux micros canons dans sa gamme Broadcast &amp; Production \u00e0 l\u2019occasion de l\u2019IBC2018, le BP28 et le BP28L.\" \/>\n<meta property=\"og:url\" content=\"https:\/\/distribution.audio-technica.eu\/fr-fr\/actualites\/audio-technica-annonce-les-bp28-et-bp28l\/\" \/>\n<meta property=\"og:site_name\" content=\"FR Audio-Technica Distribution\" \/>\n<meta property=\"article:published_time\" content=\"2018-09-14T17:41:09+00:00\" \/>\n<meta property=\"article:modified_time\" content=\"2018-09-18T18:15:43+00:00\" \/>\n<meta property=\"og:image\" content=\"https:\/\/distribution.audio-technica.eu\/app\/uploads\/sites\/3\/BP28.jpg\" \/>\n\t<meta property=\"og:image:width\" content=\"3445\" \/>\n\t<meta property=\"og:image:height\" content=\"702\" \/>\n\t<meta property=\"og:image:type\" content=\"image\/jpeg\" \/>\n<meta name=\"author\" content=\"ballaume\" \/>\n<meta name=\"twitter:card\" content=\"summary_large_image\" \/>\n<meta name=\"twitter:label1\" content=\"\u00c9crit par\" \/>\n\t<meta name=\"twitter:data1\" content=\"ballaume\" \/>\n\t<meta name=\"twitter:label2\" content=\"Dur\u00e9e de lecture estim\u00e9e\" \/>\n\t<meta name=\"twitter:data2\" content=\"1 minute\" \/>\n<script type=\"application\/ld+json\" class=\"yoast-schema-graph\">{\"@context\":\"https:\/\/schema.org\",\"@graph\":[{\"@type\":\"Article\",\"@id\":\"https:\/\/distribution.audio-technica.eu\/fr-fr\/actualites\/audio-technica-annonce-les-bp28-et-bp28l\/#article\",\"isPartOf\":{\"@id\":\"https:\/\/distribution.audio-technica.eu\/fr-fr\/actualites\/audio-technica-annonce-les-bp28-et-bp28l\/\"},\"author\":{\"name\":\"ballaume\",\"@id\":\"https:\/\/distribution.audio-technica.eu\/fr-fr\/#\/schema\/person\/6b6f3224dedb3cc336f57bfe82de0ff1\"},\"headline\":\"Audio-Technica annonce les BP28 et BP28L\",\"datePublished\":\"2018-09-14T17:41:09+00:00\",\"dateModified\":\"2018-09-18T18:15:43+00:00\",\"mainEntityOfPage\":{\"@id\":\"https:\/\/distribution.audio-technica.eu\/fr-fr\/actualites\/audio-technica-annonce-les-bp28-et-bp28l\/\"},\"wordCount\":268,\"image\":{\"@id\":\"https:\/\/distribution.audio-technica.eu\/fr-fr\/actualites\/audio-technica-annonce-les-bp28-et-bp28l\/#primaryimage\"},\"thumbnailUrl\":\"\/app\/uploads\/sites\/3\/BP28.jpg\",\"keywords\":[\"BP28\",\"BP28L\",\"broadcast\",\"IBC\",\"IBC2018\",\"Microphone Broadcast\"],\"articleSection\":[\"Audio-Technica\"],\"inLanguage\":\"fr-FR\"},{\"@type\":\"WebPage\",\"@id\":\"https:\/\/distribution.audio-technica.eu\/fr-fr\/actualites\/audio-technica-annonce-les-bp28-et-bp28l\/\",\"url\":\"https:\/\/distribution.audio-technica.eu\/fr-fr\/actualites\/audio-technica-annonce-les-bp28-et-bp28l\/\",\"name\":\"Audio-Technica annonce les BP28 et BP28L - FR Audio-Technica Distribution\",\"isPartOf\":{\"@id\":\"https:\/\/distribution.audio-technica.eu\/fr-fr\/#website\"},\"primaryImageOfPage\":{\"@id\":\"https:\/\/distribution.audio-technica.eu\/fr-fr\/actualites\/audio-technica-annonce-les-bp28-et-bp28l\/#primaryimage\"},\"image\":{\"@id\":\"https:\/\/distribution.audio-technica.eu\/fr-fr\/actualites\/audio-technica-annonce-les-bp28-et-bp28l\/#primaryimage\"},\"thumbnailUrl\":\"\/app\/uploads\/sites\/3\/BP28.jpg\",\"datePublished\":\"2018-09-14T17:41:09+00:00\",\"dateModified\":\"2018-09-18T18:15:43+00:00\",\"author\":{\"@id\":\"https:\/\/distribution.audio-technica.eu\/fr-fr\/#\/schema\/person\/6b6f3224dedb3cc336f57bfe82de0ff1\"},\"description\":\"Audio-Technica pr\u00e9sente une paire de nouveaux micros canons dans sa gamme Broadcast & Production \u00e0 l\u2019occasion de l\u2019IBC2018, le BP28 et le BP28L.\",\"breadcrumb\":{\"@id\":\"https:\/\/distribution.audio-technica.eu\/fr-fr\/actualites\/audio-technica-annonce-les-bp28-et-bp28l\/#breadcrumb\"},\"inLanguage\":\"fr-FR\",\"potentialAction\":[{\"@type\":\"ReadAction\",\"target\":[\"https:\/\/distribution.audio-technica.eu\/fr-fr\/actualites\/audio-technica-annonce-les-bp28-et-bp28l\/\"]}]},{\"@type\":\"ImageObject\",\"inLanguage\":\"fr-FR\",\"@id\":\"https:\/\/distribution.audio-technica.eu\/fr-fr\/actualites\/audio-technica-annonce-les-bp28-et-bp28l\/#primaryimage\",\"url\":\"\/app\/uploads\/sites\/3\/BP28.jpg\",\"contentUrl\":\"\/app\/uploads\/sites\/3\/BP28.jpg\",\"width\":3445,\"height\":702,\"caption\":\"BP28\"},{\"@type\":\"BreadcrumbList\",\"@id\":\"https:\/\/distribution.audio-technica.eu\/fr-fr\/actualites\/audio-technica-annonce-les-bp28-et-bp28l\/#breadcrumb\",\"itemListElement\":[{\"@type\":\"ListItem\",\"position\":1,\"name\":\"Products\",\"item\":\"https:\/\/distribution.audio-technica.eu\/fr-fr\/\"},{\"@type\":\"ListItem\",\"position\":2,\"name\":\"Audio-Technica annonce les BP28 et BP28L\"}]},{\"@type\":\"WebSite\",\"@id\":\"https:\/\/distribution.audio-technica.eu\/fr-fr\/#website\",\"url\":\"https:\/\/distribution.audio-technica.eu\/fr-fr\/\",\"name\":\"FR Audio-Technica Distribution\",\"description\":\"\",\"potentialAction\":[{\"@type\":\"SearchAction\",\"target\":{\"@type\":\"EntryPoint\",\"urlTemplate\":\"https:\/\/distribution.audio-technica.eu\/fr-fr\/?s={search_term_string}\"},\"query-input\":{\"@type\":\"PropertyValueSpecification\",\"valueRequired\":true,\"valueName\":\"search_term_string\"}}],\"inLanguage\":\"fr-FR\"},{\"@type\":\"Person\",\"@id\":\"https:\/\/distribution.audio-technica.eu\/fr-fr\/#\/schema\/person\/6b6f3224dedb3cc336f57bfe82de0ff1\",\"name\":\"ballaume\",\"url\":\"https:\/\/distribution.audio-technica.eu\/fr-fr\/actualites\/author\/ballaume\/\"}]}<\/script>\n<!-- \/ Yoast SEO plugin. -->","yoast_head_json":{"title":"Audio-Technica annonce les BP28 et BP28L - FR Audio-Technica Distribution","description":"Audio-Technica pr\u00e9sente une paire de nouveaux micros canons dans sa gamme Broadcast & Production \u00e0 l\u2019occasion de l\u2019IBC2018, le BP28 et le BP28L.","robots":{"index":"index","follow":"follow","max-snippet":"max-snippet:-1","max-image-preview":"max-image-preview:large","max-video-preview":"max-video-preview:-1"},"canonical":"https:\/\/distribution.audio-technica.eu\/fr-fr\/actualites\/audio-technica-annonce-les-bp28-et-bp28l\/","og_locale":"fr_FR","og_type":"article","og_title":"Audio-Technica annonce les BP28 et BP28L - FR Audio-Technica Distribution","og_description":"Audio-Technica pr\u00e9sente une paire de nouveaux micros canons dans sa gamme Broadcast & Production \u00e0 l\u2019occasion de l\u2019IBC2018, le BP28 et le BP28L.","og_url":"https:\/\/distribution.audio-technica.eu\/fr-fr\/actualites\/audio-technica-annonce-les-bp28-et-bp28l\/","og_site_name":"FR Audio-Technica Distribution","article_published_time":"2018-09-14T17:41:09+00:00","article_modified_time":"2018-09-18T18:15:43+00:00","og_image":[{"width":3445,"height":702,"url":"https:\/\/distribution.audio-technica.eu\/app\/uploads\/sites\/3\/BP28.jpg","type":"image\/jpeg"}],"author":"ballaume","twitter_card":"summary_large_image","twitter_misc":{"\u00c9crit par":"ballaume","Dur\u00e9e de lecture estim\u00e9e":"1 minute"},"schema":{"@context":"https:\/\/schema.org","@graph":[{"@type":"Article","@id":"https:\/\/distribution.audio-technica.eu\/fr-fr\/actualites\/audio-technica-annonce-les-bp28-et-bp28l\/#article","isPartOf":{"@id":"https:\/\/distribution.audio-technica.eu\/fr-fr\/actualites\/audio-technica-annonce-les-bp28-et-bp28l\/"},"author":{"name":"ballaume","@id":"https:\/\/distribution.audio-technica.eu\/fr-fr\/#\/schema\/person\/6b6f3224dedb3cc336f57bfe82de0ff1"},"headline":"Audio-Technica annonce les BP28 et BP28L","datePublished":"2018-09-14T17:41:09+00:00","dateModified":"2018-09-18T18:15:43+00:00","mainEntityOfPage":{"@id":"https:\/\/distribution.audio-technica.eu\/fr-fr\/actualites\/audio-technica-annonce-les-bp28-et-bp28l\/"},"wordCount":268,"image":{"@id":"https:\/\/distribution.audio-technica.eu\/fr-fr\/actualites\/audio-technica-annonce-les-bp28-et-bp28l\/#primaryimage"},"thumbnailUrl":"\/app\/uploads\/sites\/3\/BP28.jpg","keywords":["BP28","BP28L","broadcast","IBC","IBC2018","Microphone Broadcast"],"articleSection":["Audio-Technica"],"inLanguage":"fr-FR"},{"@type":"WebPage","@id":"https:\/\/distribution.audio-technica.eu\/fr-fr\/actualites\/audio-technica-annonce-les-bp28-et-bp28l\/","url":"https:\/\/distribution.audio-technica.eu\/fr-fr\/actualites\/audio-technica-annonce-les-bp28-et-bp28l\/","name":"Audio-Technica annonce les BP28 et BP28L - FR Audio-Technica Distribution","isPartOf":{"@id":"https:\/\/distribution.audio-technica.eu\/fr-fr\/#website"},"primaryImageOfPage":{"@id":"https:\/\/distribution.audio-technica.eu\/fr-fr\/actualites\/audio-technica-annonce-les-bp28-et-bp28l\/#primaryimage"},"image":{"@id":"https:\/\/distribution.audio-technica.eu\/fr-fr\/actualites\/audio-technica-annonce-les-bp28-et-bp28l\/#primaryimage"},"thumbnailUrl":"\/app\/uploads\/sites\/3\/BP28.jpg","datePublished":"2018-09-14T17:41:09+00:00","dateModified":"2018-09-18T18:15:43+00:00","author":{"@id":"https:\/\/distribution.audio-technica.eu\/fr-fr\/#\/schema\/person\/6b6f3224dedb3cc336f57bfe82de0ff1"},"description":"Audio-Technica pr\u00e9sente une paire de nouveaux micros canons dans sa gamme Broadcast & Production \u00e0 l\u2019occasion de l\u2019IBC2018, le BP28 et le BP28L.","breadcrumb":{"@id":"https:\/\/distribution.audio-technica.eu\/fr-fr\/actualites\/audio-technica-annonce-les-bp28-et-bp28l\/#breadcrumb"},"inLanguage":"fr-FR","potentialAction":[{"@type":"ReadAction","target":["https:\/\/distribution.audio-technica.eu\/fr-fr\/actualites\/audio-technica-annonce-les-bp28-et-bp28l\/"]}]},{"@type":"ImageObject","inLanguage":"fr-FR","@id":"https:\/\/distribution.audio-technica.eu\/fr-fr\/actualites\/audio-technica-annonce-les-bp28-et-bp28l\/#primaryimage","url":"\/app\/uploads\/sites\/3\/BP28.jpg","contentUrl":"\/app\/uploads\/sites\/3\/BP28.jpg","width":3445,"height":702,"caption":"BP28"},{"@type":"BreadcrumbList","@id":"https:\/\/distribution.audio-technica.eu\/fr-fr\/actualites\/audio-technica-annonce-les-bp28-et-bp28l\/#breadcrumb","itemListElement":[{"@type":"ListItem","position":1,"name":"Products","item":"https:\/\/distribution.audio-technica.eu\/fr-fr\/"},{"@type":"ListItem","position":2,"name":"Audio-Technica annonce les BP28 et BP28L"}]},{"@type":"WebSite","@id":"https:\/\/distribution.audio-technica.eu\/fr-fr\/#website","url":"https:\/\/distribution.audio-technica.eu\/fr-fr\/","name":"FR Audio-Technica Distribution","description":"","potentialAction":[{"@type":"SearchAction","target":{"@type":"EntryPoint","urlTemplate":"https:\/\/distribution.audio-technica.eu\/fr-fr\/?s={search_term_string}"},"query-input":{"@type":"PropertyValueSpecification","valueRequired":true,"valueName":"search_term_string"}}],"inLanguage":"fr-FR"},{"@type":"Person","@id":"https:\/\/distribution.audio-technica.eu\/fr-fr\/#\/schema\/person\/6b6f3224dedb3cc336f57bfe82de0ff1","name":"ballaume","url":"https:\/\/distribution.audio-technica.eu\/fr-fr\/actualites\/author\/ballaume\/"}]}},"_links":{"self":[{"href":"https:\/\/distribution.audio-technica.eu\/fr-fr\/wp-json\/wp\/v2\/posts\/9684","targetHints":{"allow":["GET"]}}],"collection":[{"href":"https:\/\/distribution.audio-technica.eu\/fr-fr\/wp-json\/wp\/v2\/posts"}],"about":[{"href":"https:\/\/distribution.audio-technica.eu\/fr-fr\/wp-json\/wp\/v2\/types\/post"}],"author":[{"embeddable":true,"href":"https:\/\/distribution.audio-technica.eu\/fr-fr\/wp-json\/wp\/v2\/users\/5"}],"replies":[{"embeddable":true,"href":"https:\/\/distribution.audio-technica.eu\/fr-fr\/wp-json\/wp\/v2\/comments?post=9684"}],"version-history":[{"count":1,"href":"https:\/\/distribution.audio-technica.eu\/fr-fr\/wp-json\/wp\/v2\/posts\/9684\/revisions"}],"predecessor-version":[{"id":9687,"href":"https:\/\/distribution.audio-technica.eu\/fr-fr\/wp-json\/wp\/v2\/posts\/9684\/revisions\/9687"}],"wp:featuredmedia":[{"embeddable":true,"href":"https:\/\/distribution.audio-technica.eu\/fr-fr\/wp-json\/wp\/v2\/media\/9685"}],"wp:attachment":[{"href":"https:\/\/distribution.audio-technica.eu\/fr-fr\/wp-json\/wp\/v2\/media?parent=9684"}],"wp:term":[{"taxonomy":"category","embeddable":true,"href":"https:\/\/distribution.audio-technica.eu\/fr-fr\/wp-json\/wp\/v2\/categories?post=9684"},{"taxonomy":"post_tag","embeddable":true,"href":"https:\/\/distribution.audio-technica.eu\/fr-fr\/wp-json\/wp\/v2\/tags?post=9684"}],"curies":[{"name":"wp","href":"https:\/\/api.w.org\/{rel}","templated":true}]}}