{"id":9828,"date":"2018-12-13T17:07:54","date_gmt":"2018-12-13T17:07:54","guid":{"rendered":"https:\/\/atdb-production.studiograft.dev\/fr\/?p=9828"},"modified":"2018-12-13T17:09:26","modified_gmt":"2018-12-13T17:09:26","slug":"la-digiface-avb-devient-compatible-milan","status":"publish","type":"post","link":"https:\/\/distribution.audio-technica.eu\/fr-fr\/actualites\/la-digiface-avb-devient-compatible-milan\/","title":{"rendered":"La Digiface AVB devient compatible Milan"},"content":{"rendered":"<div class=\"\"><img loading=\"lazy\" decoding=\"async\" class=\"alignnone size-full wp-image-192 aligncenter\" src=\"\/fr\/wp-content\/uploads\/sites\/3\/Digiface-AVB-banni\u00e8re.png\" alt=\"\" width=\"640\" height=\"334\" srcset=\"https:\/\/distribution.audio-technica.eu\/app\/uploads\/sites\/3\/Digiface-AVB-banni\u00e8re.png 640w, https:\/\/distribution.audio-technica.eu\/app\/uploads\/sites\/3\/Digiface-AVB-banni\u00e8re-300x157.png 300w, https:\/\/distribution.audio-technica.eu\/app\/uploads\/sites\/3\/Digiface-AVB-banni\u00e8re-200x104.png 200w, https:\/\/distribution.audio-technica.eu\/app\/uploads\/sites\/3\/Digiface-AVB-banni\u00e8re-400x209.png 400w, https:\/\/distribution.audio-technica.eu\/app\/uploads\/sites\/3\/Digiface-AVB-banni\u00e8re-600x313.png 600w\" sizes=\"auto, (max-width: 640px) 100vw, 640px\" \/>RME propose depuis quelques jours une mise \u00e0 jour du driver et du firmware de la <a href=\"https:\/\/distribution.audio-technica.eu\/fr\/rme-presente-la-digiface-avb\/\">Digiface AVB<\/a> pour la rendre 100% compatible avec le protocole Milan.<\/div>\n<div class=\"\">Pour rappel, le Milan est une version sp\u00e9cifique de l\u2019AVB\/TSN, d\u00e9velopp\u00e9e par et pour les professionnels de l\u2019audio.<\/div>\n<div class=\"\">Le Milan est bien entendu g\u00e9r\u00e9 par l\u2019AVNU, l\u2019alliance autour du protocole AVB :<\/div>\n<div class=\"\"><a class=\"\" href=\"https:\/\/avnu.org\/Milan\/\">https:\/\/avnu.org\/Milan\/<\/a><\/div>\n<div class=\"\"><\/div>\n<div class=\"\">Sept fabricants de mat\u00e9riel ou de composants audio se sont donc rassembl\u00e9s pour d\u00e9finir ce protocole qui se veut simple, ouvert et qui ne n\u00e9cessite pas d\u2019administration r\u00e9seau.<\/div>\n<div class=\"\">Parmi ces fabricants on retrouve des t\u00e9nors du march\u00e9 :<\/div>\n<div class=\"\">\n<ul class=\"MailOutline\">\n<li class=\"\">Audioscience (composants r\u00e9seaux)<\/li>\n<li class=\"\">Avid<\/li>\n<li class=\"\">Biamp<\/li>\n<li class=\"\">D&amp;B<\/li>\n<li class=\"\">Luminex (switch r\u00e9seau AVB)<\/li>\n<li class=\"\">L Acoustics<\/li>\n<li class=\"\">Meyer Sound<\/li>\n<\/ul>\n<\/div>\n<div class=\"\"><\/div>\n<div class=\"\">Les certifications Milan pour les autres fabricants de mat\u00e9riel, dont RME, seront d\u00e9livr\u00e9es \u00e0 partir de 2019.<\/div>\n<div class=\"\"><\/div>\n<div class=\"\">RME vient de mettre en ligne la version finale du support complet du Milan pour la Digiface AVB.<\/div>\n<div class=\"\">Gr\u00e2ce \u00e0 une mise \u00e0 jour du firmware et du driver, la Digiface AVB est la premi\u00e8re interface audio 100% Milan !<\/div>\n<div>Driver :\u00a0<a href=\"http:\/\/www.rme-audio.de\/download\/driver_madinet_win_09680_09393.zip\">driver_madinet_win_09680_09393.zip<\/a><\/div>\n<div>Firmware :\u00a0<a href=\"http:\/\/www.rme-audio.de\/download\/fut_madifacenet_win.zip\">fut_madifacenet_win.zip<\/a><\/div>\n<div class=\"\">La page des drivers RME :\u00a0<a href=\"http:\/\/www.rme-audio.de\/en\/downloads\/driver\/uc.php\" target=\"_blank\" rel=\"noopener\">http:\/\/www.rme-audio.de\/en\/downloads\/driver\/uc.php<\/a><\/div>\n<div><\/div>\n","protected":false},"excerpt":{"rendered":"<p>RME propose depuis quelques jours une mise \u00e0 jour du driver et du firmware de la Digiface AVB pour la rendre 100% compatible avec le protocole Milan. Pour rappel, le Milan est une version sp\u00e9cifique de l\u2019AVB\/TSN, d\u00e9velopp\u00e9e par et pour les professionnels de l\u2019audio. Le Milan est bien entendu g\u00e9r\u00e9 par l\u2019AVNU, l\u2019alliance autour [&hellip;]<\/p>\n","protected":false},"author":5,"featured_media":192,"comment_status":"closed","ping_status":"closed","sticky":false,"template":"","format":"standard","meta":{"_acf_changed":false,"footnotes":""},"categories":[1909],"tags":[1938,2025,1940,1941,1952,1890,1977],"class_list":["post-9828","post","type-post","status-publish","format-standard","has-post-thumbnail","hentry","category-rme","tag-audio-over-ip","tag-audio-sur-ip","tag-avb","tag-avb-tsn","tag-digiface-avb","tag-milan","tag-rme"],"acf":[],"yoast_head":"<!-- This site is optimized with the Yoast SEO plugin v27.1.1 - https:\/\/yoast.com\/product\/yoast-seo-wordpress\/ -->\n<title>La Digiface AVB devient compatible Milan - FR Audio-Technica Distribution<\/title>\n<meta name=\"description\" content=\"RME propose depuis quelques jours une mise \u00e0 jour du driver et du firmware de la Digiface AVB pour la rendre 100% compatible avec le protocole Milan.\" \/>\n<meta name=\"robots\" content=\"index, follow, max-snippet:-1, max-image-preview:large, max-video-preview:-1\" \/>\n<link rel=\"canonical\" href=\"https:\/\/distribution.audio-technica.eu\/fr-fr\/actualites\/la-digiface-avb-devient-compatible-milan\/\" \/>\n<meta property=\"og:locale\" content=\"fr_FR\" \/>\n<meta property=\"og:type\" content=\"article\" \/>\n<meta property=\"og:title\" content=\"La Digiface AVB devient compatible Milan - FR Audio-Technica Distribution\" \/>\n<meta property=\"og:description\" content=\"RME propose depuis quelques jours une mise \u00e0 jour du driver et du firmware de la Digiface AVB pour la rendre 100% compatible avec le protocole Milan.\" \/>\n<meta property=\"og:url\" content=\"https:\/\/distribution.audio-technica.eu\/fr-fr\/actualites\/la-digiface-avb-devient-compatible-milan\/\" \/>\n<meta property=\"og:site_name\" content=\"FR Audio-Technica Distribution\" \/>\n<meta property=\"article:published_time\" content=\"2018-12-13T17:07:54+00:00\" \/>\n<meta property=\"article:modified_time\" content=\"2018-12-13T17:09:26+00:00\" \/>\n<meta property=\"og:image\" content=\"https:\/\/distribution.audio-technica.eu\/app\/uploads\/sites\/3\/Digiface-AVB-banni\u00e8re.png\" \/>\n\t<meta property=\"og:image:width\" content=\"640\" \/>\n\t<meta property=\"og:image:height\" content=\"334\" \/>\n\t<meta property=\"og:image:type\" content=\"image\/png\" \/>\n<meta name=\"author\" content=\"ballaume\" \/>\n<meta name=\"twitter:card\" content=\"summary_large_image\" \/>\n<meta name=\"twitter:label1\" content=\"\u00c9crit par\" \/>\n\t<meta name=\"twitter:data1\" content=\"ballaume\" \/>\n\t<meta name=\"twitter:label2\" content=\"Dur\u00e9e de lecture estim\u00e9e\" \/>\n\t<meta name=\"twitter:data2\" content=\"1 minute\" \/>\n<script type=\"application\/ld+json\" class=\"yoast-schema-graph\">{\"@context\":\"https:\/\/schema.org\",\"@graph\":[{\"@type\":\"Article\",\"@id\":\"https:\/\/distribution.audio-technica.eu\/fr-fr\/actualites\/la-digiface-avb-devient-compatible-milan\/#article\",\"isPartOf\":{\"@id\":\"https:\/\/distribution.audio-technica.eu\/fr-fr\/actualites\/la-digiface-avb-devient-compatible-milan\/\"},\"author\":{\"name\":\"ballaume\",\"@id\":\"https:\/\/distribution.audio-technica.eu\/fr-fr\/#\/schema\/person\/6b6f3224dedb3cc336f57bfe82de0ff1\"},\"headline\":\"La Digiface AVB devient compatible Milan\",\"datePublished\":\"2018-12-13T17:07:54+00:00\",\"dateModified\":\"2018-12-13T17:09:26+00:00\",\"mainEntityOfPage\":{\"@id\":\"https:\/\/distribution.audio-technica.eu\/fr-fr\/actualites\/la-digiface-avb-devient-compatible-milan\/\"},\"wordCount\":217,\"image\":{\"@id\":\"https:\/\/distribution.audio-technica.eu\/fr-fr\/actualites\/la-digiface-avb-devient-compatible-milan\/#primaryimage\"},\"thumbnailUrl\":\"\/app\/uploads\/sites\/3\/Digiface-AVB-banni\u00e8re.png\",\"keywords\":[\"Audio over IP\",\"Audio sur IP\",\"AVB\",\"AVB\/TSN\",\"Digiface AVB\",\"milan\",\"RME\"],\"articleSection\":[\"RME\"],\"inLanguage\":\"fr-FR\"},{\"@type\":\"WebPage\",\"@id\":\"https:\/\/distribution.audio-technica.eu\/fr-fr\/actualites\/la-digiface-avb-devient-compatible-milan\/\",\"url\":\"https:\/\/distribution.audio-technica.eu\/fr-fr\/actualites\/la-digiface-avb-devient-compatible-milan\/\",\"name\":\"La Digiface AVB devient compatible Milan - FR Audio-Technica Distribution\",\"isPartOf\":{\"@id\":\"https:\/\/distribution.audio-technica.eu\/fr-fr\/#website\"},\"primaryImageOfPage\":{\"@id\":\"https:\/\/distribution.audio-technica.eu\/fr-fr\/actualites\/la-digiface-avb-devient-compatible-milan\/#primaryimage\"},\"image\":{\"@id\":\"https:\/\/distribution.audio-technica.eu\/fr-fr\/actualites\/la-digiface-avb-devient-compatible-milan\/#primaryimage\"},\"thumbnailUrl\":\"\/app\/uploads\/sites\/3\/Digiface-AVB-banni\u00e8re.png\",\"datePublished\":\"2018-12-13T17:07:54+00:00\",\"dateModified\":\"2018-12-13T17:09:26+00:00\",\"author\":{\"@id\":\"https:\/\/distribution.audio-technica.eu\/fr-fr\/#\/schema\/person\/6b6f3224dedb3cc336f57bfe82de0ff1\"},\"description\":\"RME propose depuis quelques jours une mise \u00e0 jour du driver et du firmware de la Digiface AVB pour la rendre 100% compatible avec le protocole Milan.\",\"breadcrumb\":{\"@id\":\"https:\/\/distribution.audio-technica.eu\/fr-fr\/actualites\/la-digiface-avb-devient-compatible-milan\/#breadcrumb\"},\"inLanguage\":\"fr-FR\",\"potentialAction\":[{\"@type\":\"ReadAction\",\"target\":[\"https:\/\/distribution.audio-technica.eu\/fr-fr\/actualites\/la-digiface-avb-devient-compatible-milan\/\"]}]},{\"@type\":\"ImageObject\",\"inLanguage\":\"fr-FR\",\"@id\":\"https:\/\/distribution.audio-technica.eu\/fr-fr\/actualites\/la-digiface-avb-devient-compatible-milan\/#primaryimage\",\"url\":\"\/app\/uploads\/sites\/3\/Digiface-AVB-banni\u00e8re.png\",\"contentUrl\":\"\/app\/uploads\/sites\/3\/Digiface-AVB-banni\u00e8re.png\",\"width\":640,\"height\":334},{\"@type\":\"BreadcrumbList\",\"@id\":\"https:\/\/distribution.audio-technica.eu\/fr-fr\/actualites\/la-digiface-avb-devient-compatible-milan\/#breadcrumb\",\"itemListElement\":[{\"@type\":\"ListItem\",\"position\":1,\"name\":\"Products\",\"item\":\"https:\/\/distribution.audio-technica.eu\/fr-fr\/\"},{\"@type\":\"ListItem\",\"position\":2,\"name\":\"La Digiface AVB devient compatible Milan\"}]},{\"@type\":\"WebSite\",\"@id\":\"https:\/\/distribution.audio-technica.eu\/fr-fr\/#website\",\"url\":\"https:\/\/distribution.audio-technica.eu\/fr-fr\/\",\"name\":\"FR Audio-Technica Distribution\",\"description\":\"\",\"potentialAction\":[{\"@type\":\"SearchAction\",\"target\":{\"@type\":\"EntryPoint\",\"urlTemplate\":\"https:\/\/distribution.audio-technica.eu\/fr-fr\/?s={search_term_string}\"},\"query-input\":{\"@type\":\"PropertyValueSpecification\",\"valueRequired\":true,\"valueName\":\"search_term_string\"}}],\"inLanguage\":\"fr-FR\"},{\"@type\":\"Person\",\"@id\":\"https:\/\/distribution.audio-technica.eu\/fr-fr\/#\/schema\/person\/6b6f3224dedb3cc336f57bfe82de0ff1\",\"name\":\"ballaume\",\"url\":\"https:\/\/distribution.audio-technica.eu\/fr-fr\/actualites\/author\/ballaume\/\"}]}<\/script>\n<!-- \/ Yoast SEO plugin. -->","yoast_head_json":{"title":"La Digiface AVB devient compatible Milan - FR Audio-Technica Distribution","description":"RME propose depuis quelques jours une mise \u00e0 jour du driver et du firmware de la Digiface AVB pour la rendre 100% compatible avec le protocole Milan.","robots":{"index":"index","follow":"follow","max-snippet":"max-snippet:-1","max-image-preview":"max-image-preview:large","max-video-preview":"max-video-preview:-1"},"canonical":"https:\/\/distribution.audio-technica.eu\/fr-fr\/actualites\/la-digiface-avb-devient-compatible-milan\/","og_locale":"fr_FR","og_type":"article","og_title":"La Digiface AVB devient compatible Milan - FR Audio-Technica Distribution","og_description":"RME propose depuis quelques jours une mise \u00e0 jour du driver et du firmware de la Digiface AVB pour la rendre 100% compatible avec le protocole Milan.","og_url":"https:\/\/distribution.audio-technica.eu\/fr-fr\/actualites\/la-digiface-avb-devient-compatible-milan\/","og_site_name":"FR Audio-Technica Distribution","article_published_time":"2018-12-13T17:07:54+00:00","article_modified_time":"2018-12-13T17:09:26+00:00","og_image":[{"width":640,"height":334,"url":"https:\/\/distribution.audio-technica.eu\/app\/uploads\/sites\/3\/Digiface-AVB-banni\u00e8re.png","type":"image\/png"}],"author":"ballaume","twitter_card":"summary_large_image","twitter_misc":{"\u00c9crit par":"ballaume","Dur\u00e9e de lecture estim\u00e9e":"1 minute"},"schema":{"@context":"https:\/\/schema.org","@graph":[{"@type":"Article","@id":"https:\/\/distribution.audio-technica.eu\/fr-fr\/actualites\/la-digiface-avb-devient-compatible-milan\/#article","isPartOf":{"@id":"https:\/\/distribution.audio-technica.eu\/fr-fr\/actualites\/la-digiface-avb-devient-compatible-milan\/"},"author":{"name":"ballaume","@id":"https:\/\/distribution.audio-technica.eu\/fr-fr\/#\/schema\/person\/6b6f3224dedb3cc336f57bfe82de0ff1"},"headline":"La Digiface AVB devient compatible Milan","datePublished":"2018-12-13T17:07:54+00:00","dateModified":"2018-12-13T17:09:26+00:00","mainEntityOfPage":{"@id":"https:\/\/distribution.audio-technica.eu\/fr-fr\/actualites\/la-digiface-avb-devient-compatible-milan\/"},"wordCount":217,"image":{"@id":"https:\/\/distribution.audio-technica.eu\/fr-fr\/actualites\/la-digiface-avb-devient-compatible-milan\/#primaryimage"},"thumbnailUrl":"\/app\/uploads\/sites\/3\/Digiface-AVB-banni\u00e8re.png","keywords":["Audio over IP","Audio sur IP","AVB","AVB\/TSN","Digiface AVB","milan","RME"],"articleSection":["RME"],"inLanguage":"fr-FR"},{"@type":"WebPage","@id":"https:\/\/distribution.audio-technica.eu\/fr-fr\/actualites\/la-digiface-avb-devient-compatible-milan\/","url":"https:\/\/distribution.audio-technica.eu\/fr-fr\/actualites\/la-digiface-avb-devient-compatible-milan\/","name":"La Digiface AVB devient compatible Milan - FR Audio-Technica Distribution","isPartOf":{"@id":"https:\/\/distribution.audio-technica.eu\/fr-fr\/#website"},"primaryImageOfPage":{"@id":"https:\/\/distribution.audio-technica.eu\/fr-fr\/actualites\/la-digiface-avb-devient-compatible-milan\/#primaryimage"},"image":{"@id":"https:\/\/distribution.audio-technica.eu\/fr-fr\/actualites\/la-digiface-avb-devient-compatible-milan\/#primaryimage"},"thumbnailUrl":"\/app\/uploads\/sites\/3\/Digiface-AVB-banni\u00e8re.png","datePublished":"2018-12-13T17:07:54+00:00","dateModified":"2018-12-13T17:09:26+00:00","author":{"@id":"https:\/\/distribution.audio-technica.eu\/fr-fr\/#\/schema\/person\/6b6f3224dedb3cc336f57bfe82de0ff1"},"description":"RME propose depuis quelques jours une mise \u00e0 jour du driver et du firmware de la Digiface AVB pour la rendre 100% compatible avec le protocole Milan.","breadcrumb":{"@id":"https:\/\/distribution.audio-technica.eu\/fr-fr\/actualites\/la-digiface-avb-devient-compatible-milan\/#breadcrumb"},"inLanguage":"fr-FR","potentialAction":[{"@type":"ReadAction","target":["https:\/\/distribution.audio-technica.eu\/fr-fr\/actualites\/la-digiface-avb-devient-compatible-milan\/"]}]},{"@type":"ImageObject","inLanguage":"fr-FR","@id":"https:\/\/distribution.audio-technica.eu\/fr-fr\/actualites\/la-digiface-avb-devient-compatible-milan\/#primaryimage","url":"\/app\/uploads\/sites\/3\/Digiface-AVB-banni\u00e8re.png","contentUrl":"\/app\/uploads\/sites\/3\/Digiface-AVB-banni\u00e8re.png","width":640,"height":334},{"@type":"BreadcrumbList","@id":"https:\/\/distribution.audio-technica.eu\/fr-fr\/actualites\/la-digiface-avb-devient-compatible-milan\/#breadcrumb","itemListElement":[{"@type":"ListItem","position":1,"name":"Products","item":"https:\/\/distribution.audio-technica.eu\/fr-fr\/"},{"@type":"ListItem","position":2,"name":"La Digiface AVB devient compatible Milan"}]},{"@type":"WebSite","@id":"https:\/\/distribution.audio-technica.eu\/fr-fr\/#website","url":"https:\/\/distribution.audio-technica.eu\/fr-fr\/","name":"FR Audio-Technica Distribution","description":"","potentialAction":[{"@type":"SearchAction","target":{"@type":"EntryPoint","urlTemplate":"https:\/\/distribution.audio-technica.eu\/fr-fr\/?s={search_term_string}"},"query-input":{"@type":"PropertyValueSpecification","valueRequired":true,"valueName":"search_term_string"}}],"inLanguage":"fr-FR"},{"@type":"Person","@id":"https:\/\/distribution.audio-technica.eu\/fr-fr\/#\/schema\/person\/6b6f3224dedb3cc336f57bfe82de0ff1","name":"ballaume","url":"https:\/\/distribution.audio-technica.eu\/fr-fr\/actualites\/author\/ballaume\/"}]}},"_links":{"self":[{"href":"https:\/\/distribution.audio-technica.eu\/fr-fr\/wp-json\/wp\/v2\/posts\/9828","targetHints":{"allow":["GET"]}}],"collection":[{"href":"https:\/\/distribution.audio-technica.eu\/fr-fr\/wp-json\/wp\/v2\/posts"}],"about":[{"href":"https:\/\/distribution.audio-technica.eu\/fr-fr\/wp-json\/wp\/v2\/types\/post"}],"author":[{"embeddable":true,"href":"https:\/\/distribution.audio-technica.eu\/fr-fr\/wp-json\/wp\/v2\/users\/5"}],"replies":[{"embeddable":true,"href":"https:\/\/distribution.audio-technica.eu\/fr-fr\/wp-json\/wp\/v2\/comments?post=9828"}],"version-history":[{"count":3,"href":"https:\/\/distribution.audio-technica.eu\/fr-fr\/wp-json\/wp\/v2\/posts\/9828\/revisions"}],"predecessor-version":[{"id":9830,"href":"https:\/\/distribution.audio-technica.eu\/fr-fr\/wp-json\/wp\/v2\/posts\/9828\/revisions\/9830"}],"wp:featuredmedia":[{"embeddable":true,"href":"https:\/\/distribution.audio-technica.eu\/fr-fr\/wp-json\/wp\/v2\/media\/192"}],"wp:attachment":[{"href":"https:\/\/distribution.audio-technica.eu\/fr-fr\/wp-json\/wp\/v2\/media?parent=9828"}],"wp:term":[{"taxonomy":"category","embeddable":true,"href":"https:\/\/distribution.audio-technica.eu\/fr-fr\/wp-json\/wp\/v2\/categories?post=9828"},{"taxonomy":"post_tag","embeddable":true,"href":"https:\/\/distribution.audio-technica.eu\/fr-fr\/wp-json\/wp\/v2\/tags?post=9828"}],"curies":[{"name":"wp","href":"https:\/\/api.w.org\/{rel}","templated":true}]}}